{"id":3714,"date":"2025-03-24T21:03:37","date_gmt":"2025-03-24T20:03:37","guid":{"rendered":"http:\/\/adma-med.pl\/?p=3714"},"modified":"2025-08-26T21:33:06","modified_gmt":"2025-08-26T20:33:06","slug":"medcyna-estetyczna","status":"publish","type":"post","link":"http:\/\/adma-med.pl\/index.php\/2025\/03\/24\/medcyna-estetyczna\/","title":{"rendered":"Medcyna Estetyczna"},"content":{"rendered":"\n<p><img decoding=\"async\" height=\"16\" width=\"16\" alt=\"\ud83c\udf38\" src=\"https:\/\/static.xx.fbcdn.net\/images\/emoji.php\/v9\/tf0\/1\/16\/1f338.png\"> Zapraszamy na zabiegi medycyny estetycznej z lek Karolin\u0105 Maciejewsk\u0105! <img decoding=\"async\" height=\"16\" width=\"16\" alt=\"\ud83c\udf38\" src=\"https:\/\/static.xx.fbcdn.net\/images\/emoji.php\/v9\/tf0\/1\/16\/1f338.png\"><\/p>\n\n\n\n<p><a><\/a><img decoding=\"async\" height=\"16\" width=\"16\" alt=\"\ud83d\udcc5\" src=\"https:\/\/static.xx.fbcdn.net\/images\/emoji.php\/v9\/t7e\/1\/16\/1f4c5.png\"> 22 marca 2025 (sobota) od godziny 9:00 w Adma-Med w Grybowie!<\/p>\n\n\n\n<p><img decoding=\"async\" height=\"16\" width=\"16\" alt=\"\ud83d\udc89\" src=\"https:\/\/static.xx.fbcdn.net\/images\/emoji.php\/v9\/tcd\/1\/16\/1f489.png\"> Lekarz Karolina Maciejewska, zaprasza na zabiegi, kt\u00f3re podkre\u015bl\u0105 Twoje naturalne pi\u0119kno i poprawi\u0105 wygl\u0105d sk\u00f3ry.<\/p>\n\n\n\n<p>W ofercie:<\/p>\n\n\n\n<p><img loading=\"lazy\" decoding=\"async\" height=\"16\" width=\"16\" alt=\"\ud83d\udd39\" src=\"https:\/\/static.xx.fbcdn.net\/images\/emoji.php\/v9\/tf3\/1\/16\/1f539.png\"> Botoks \u2013 wyg\u0142adzanie zmarszczek, poprawa konturu twarzy, redukcja zmarszczek na czole, wok\u00f3\u0142 oczu i ust.<\/p>\n\n\n\n<p><img loading=\"lazy\" decoding=\"async\" height=\"16\" width=\"16\" alt=\"\ud83d\udd39\" src=\"https:\/\/static.xx.fbcdn.net\/images\/emoji.php\/v9\/tf3\/1\/16\/1f539.png\"> Mezoterapia \u2013 stymulacja i biorewitalizacja sk\u00f3ry twarzy, szyi, dekoltu oraz d\u0142oni.<\/p>\n\n\n\n<p><img loading=\"lazy\" decoding=\"async\" height=\"16\" width=\"16\" alt=\"\ud83d\udd39\" src=\"https:\/\/static.xx.fbcdn.net\/images\/emoji.php\/v9\/tf3\/1\/16\/1f539.png\"> Lip flip \u2013 subtelne uniesienie wargi g\u00f3rnej dla pe\u0142niejszego efektu.<\/p>\n\n\n\n<p><img loading=\"lazy\" decoding=\"async\" height=\"16\" width=\"16\" alt=\"\ud83d\udd39\" src=\"https:\/\/static.xx.fbcdn.net\/images\/emoji.php\/v9\/tf3\/1\/16\/1f539.png\"> Leczenie nadpotliwo\u015bci \u2013 skuteczna metoda na nadmierne pocenie si\u0119 d\u0142oni i pach.<\/p>\n\n\n\n<p><img loading=\"lazy\" decoding=\"async\" height=\"16\" width=\"16\" alt=\"\u2728\" src=\"https:\/\/static.xx.fbcdn.net\/images\/emoji.php\/v9\/tf4\/1\/16\/2728.png\"> Konsultacja \u2013 bezp\u0142atna przy wykonaniu zabiegu podczas tej samej wizyty!<\/p>\n\n\n\n<p><img loading=\"lazy\" decoding=\"async\" height=\"16\" width=\"16\" alt=\"\ud83d\udcde\" src=\"https:\/\/static.xx.fbcdn.net\/images\/emoji.php\/v9\/t4d\/1\/16\/1f4de.png\"> Zarezerwuj swoj\u0105 wizyt\u0119 ju\u017c teraz!<\/p>\n\n\n\n<p><img loading=\"lazy\" decoding=\"async\" height=\"16\" width=\"16\" src=\"https:\/\/static.xx.fbcdn.net\/images\/emoji.php\/v9\/td8\/1\/16\/1f4f2.png\" alt=\"\ud83d\udcf2\"> 18-445-05-37<\/p>\n\n\n\n<p><img loading=\"lazy\" decoding=\"async\" height=\"16\" width=\"16\" alt=\"\ud83c\udf1f\" src=\"https:\/\/static.xx.fbcdn.net\/images\/emoji.php\/v9\/te0\/1\/16\/1f31f.png\"> Zaufaj do\u015bwiadczeniu i certyfikatom! Poczuj si\u0119 pi\u0119knie, zadbaj o swoj\u0105 sk\u00f3r\u0119! <img loading=\"lazy\" decoding=\"async\" height=\"16\" width=\"16\" alt=\"\ud83c\udf1f\" src=\"https:\/\/static.xx.fbcdn.net\/images\/emoji.php\/v9\/te0\/1\/16\/1f31f.png\"><\/p>\n","protected":false},"excerpt":{"rendered":"<p>Zapraszamy na zabiegi medycyny estetycznej z lek Karolin\u0105 Maciejewsk\u0105! 22 marca 2025 (sobota) od godziny 9:00 w Adma-Med w Grybowie! Lekarz Karolina Maciejewska, zaprasza na zabiegi, kt\u00f3re podkre\u015bl\u0105 Twoje naturalne pi\u0119kno i poprawi\u0105 wygl\u0105d sk\u00f3ry. W ofercie: Botoks \u2013 wyg\u0142adzanie zmarszczek, poprawa konturu twarzy, redukcja zmarszczek na czole, wok\u00f3\u0142 oczu i ust. Mezoterapia \u2013 stymulacja&hellip; <\/p>\n","protected":false},"author":1,"featured_media":3719,"comment_status":"closed","ping_status":"closed","sticky":false,"template":"","format":"standard","meta":{"_monsterinsights_skip_tracking":false,"_monsterinsights_sitenote_active":false,"_monsterinsights_sitenote_note":"","_monsterinsights_sitenote_category":0,"cybocfi_hide_featured_image":"yes","_jetpack_memberships_contains_paid_content":false,"footnotes":""},"categories":[1],"tags":[],"class_list":["post-3714","post","type-post","status-publish","format-standard","has-post-thumbnail","hentry","category-uncategorized"],"yoast_head":"<!-- This site is optimized with the Yoast SEO plugin v27.5 - https:\/\/yoast.com\/product\/yoast-seo-wordpress\/ -->\n<title>Medcyna Estetyczna - Adma-Med. Przychodnia Lekarska<\/title>\n<meta name=\"robots\" content=\"index, follow, max-snippet:-1, max-image-preview:large, max-video-preview:-1\" \/>\n<link rel=\"canonical\" href=\"http:\/\/adma-med.pl\/index.php\/2025\/03\/24\/medcyna-estetyczna\/\" \/>\n<meta property=\"og:locale\" content=\"pl_PL\" \/>\n<meta property=\"og:type\" content=\"article\" \/>\n<meta property=\"og:title\" content=\"Medcyna Estetyczna - Adma-Med. Przychodnia Lekarska\" \/>\n<meta property=\"og:description\" content=\"Zapraszamy na zabiegi medycyny estetycznej z lek Karolin\u0105 Maciejewsk\u0105! 22 marca 2025 (sobota) od godziny 9:00 w Adma-Med w Grybowie! Lekarz Karolina Maciejewska, zaprasza na zabiegi, kt\u00f3re podkre\u015bl\u0105 Twoje naturalne pi\u0119kno i poprawi\u0105 wygl\u0105d sk\u00f3ry. W ofercie: Botoks \u2013 wyg\u0142adzanie zmarszczek, poprawa konturu twarzy, redukcja zmarszczek na czole, wok\u00f3\u0142 oczu i ust. Mezoterapia \u2013 stymulacja&hellip;\" \/>\n<meta property=\"og:url\" content=\"http:\/\/adma-med.pl\/index.php\/2025\/03\/24\/medcyna-estetyczna\/\" \/>\n<meta property=\"og:site_name\" content=\"Adma-Med. Przychodnia Lekarska\" \/>\n<meta property=\"article:publisher\" content=\"https:\/\/www.facebook.com\/admagrybow\/\" \/>\n<meta property=\"article:published_time\" content=\"2025-03-24T20:03:37+00:00\" \/>\n<meta property=\"article:modified_time\" content=\"2025-08-26T20:33:06+00:00\" \/>\n<meta property=\"og:image\" content=\"http:\/\/adma-med.pl\/wp-content\/uploads\/2025\/03\/plakatA4-scaled.jpg\" \/>\n\t<meta property=\"og:image:width\" content=\"2560\" \/>\n\t<meta property=\"og:image:height\" content=\"1436\" \/>\n\t<meta property=\"og:image:type\" content=\"image\/jpeg\" \/>\n<meta name=\"author\" content=\"lpolek\" \/>\n<meta name=\"twitter:card\" content=\"summary_large_image\" \/>\n<meta name=\"twitter:label1\" content=\"Napisane przez\" \/>\n\t<meta name=\"twitter:data1\" content=\"lpolek\" \/>\n\t<meta name=\"twitter:label2\" content=\"Szacowany czas czytania\" \/>\n\t<meta name=\"twitter:data2\" content=\"4 minuty\" \/>\n<script type=\"application\/ld+json\" class=\"yoast-schema-graph\">{\"@context\":\"https:\\\/\\\/schema.org\",\"@graph\":[{\"@type\":\"Article\",\"@id\":\"http:\\\/\\\/adma-med.pl\\\/index.php\\\/2025\\\/03\\\/24\\\/medcyna-estetyczna\\\/#article\",\"isPartOf\":{\"@id\":\"http:\\\/\\\/adma-med.pl\\\/index.php\\\/2025\\\/03\\\/24\\\/medcyna-estetyczna\\\/\"},\"author\":{\"name\":\"lpolek\",\"@id\":\"http:\\\/\\\/adma-med.pl\\\/#\\\/schema\\\/person\\\/fc6b840f48734c4cd235b89920a6a25a\"},\"headline\":\"Medcyna Estetyczna\",\"datePublished\":\"2025-03-24T20:03:37+00:00\",\"dateModified\":\"2025-08-26T20:33:06+00:00\",\"mainEntityOfPage\":{\"@id\":\"http:\\\/\\\/adma-med.pl\\\/index.php\\\/2025\\\/03\\\/24\\\/medcyna-estetyczna\\\/\"},\"wordCount\":124,\"publisher\":{\"@id\":\"http:\\\/\\\/adma-med.pl\\\/#organization\"},\"image\":{\"@id\":\"http:\\\/\\\/adma-med.pl\\\/index.php\\\/2025\\\/03\\\/24\\\/medcyna-estetyczna\\\/#primaryimage\"},\"thumbnailUrl\":\"http:\\\/\\\/adma-med.pl\\\/wp-content\\\/uploads\\\/2025\\\/03\\\/plakatA4-scaled.jpg\",\"articleSection\":[\"Uncategorized\"],\"inLanguage\":\"pl-PL\"},{\"@type\":\"WebPage\",\"@id\":\"http:\\\/\\\/adma-med.pl\\\/index.php\\\/2025\\\/03\\\/24\\\/medcyna-estetyczna\\\/\",\"url\":\"http:\\\/\\\/adma-med.pl\\\/index.php\\\/2025\\\/03\\\/24\\\/medcyna-estetyczna\\\/\",\"name\":\"Medcyna Estetyczna - Adma-Med. Przychodnia Lekarska\",\"isPartOf\":{\"@id\":\"http:\\\/\\\/adma-med.pl\\\/#website\"},\"primaryImageOfPage\":{\"@id\":\"http:\\\/\\\/adma-med.pl\\\/index.php\\\/2025\\\/03\\\/24\\\/medcyna-estetyczna\\\/#primaryimage\"},\"image\":{\"@id\":\"http:\\\/\\\/adma-med.pl\\\/index.php\\\/2025\\\/03\\\/24\\\/medcyna-estetyczna\\\/#primaryimage\"},\"thumbnailUrl\":\"http:\\\/\\\/adma-med.pl\\\/wp-content\\\/uploads\\\/2025\\\/03\\\/plakatA4-scaled.jpg\",\"datePublished\":\"2025-03-24T20:03:37+00:00\",\"dateModified\":\"2025-08-26T20:33:06+00:00\",\"breadcrumb\":{\"@id\":\"http:\\\/\\\/adma-med.pl\\\/index.php\\\/2025\\\/03\\\/24\\\/medcyna-estetyczna\\\/#breadcrumb\"},\"inLanguage\":\"pl-PL\",\"potentialAction\":[{\"@type\":\"ReadAction\",\"target\":[\"http:\\\/\\\/adma-med.pl\\\/index.php\\\/2025\\\/03\\\/24\\\/medcyna-estetyczna\\\/\"]}]},{\"@type\":\"BreadcrumbList\",\"@id\":\"http:\\\/\\\/adma-med.pl\\\/index.php\\\/2025\\\/03\\\/24\\\/medcyna-estetyczna\\\/#breadcrumb\",\"itemListElement\":[{\"@type\":\"ListItem\",\"position\":1,\"name\":\"Strona g\u0142\u00f3wna\",\"item\":\"http:\\\/\\\/adma-med.pl\\\/\"},{\"@type\":\"ListItem\",\"position\":2,\"name\":\"Medcyna Estetyczna\"}]},{\"@type\":\"WebSite\",\"@id\":\"http:\\\/\\\/adma-med.pl\\\/#website\",\"url\":\"http:\\\/\\\/adma-med.pl\\\/\",\"name\":\"Adma-Med. Przychodnia Lekarska\",\"description\":\"\",\"publisher\":{\"@id\":\"http:\\\/\\\/adma-med.pl\\\/#organization\"},\"potentialAction\":[{\"@type\":\"SearchAction\",\"target\":{\"@type\":\"EntryPoint\",\"urlTemplate\":\"http:\\\/\\\/adma-med.pl\\\/?s={search_term_string}\"},\"query-input\":{\"@type\":\"PropertyValueSpecification\",\"valueRequired\":true,\"valueName\":\"search_term_string\"}}],\"inLanguage\":\"pl-PL\"},{\"@type\":\"Organization\",\"@id\":\"http:\\\/\\\/adma-med.pl\\\/#organization\",\"name\":\"Adma-Med. Przychodnia Lekarska\",\"url\":\"http:\\\/\\\/adma-med.pl\\\/\",\"logo\":{\"@type\":\"ImageObject\",\"inLanguage\":\"pl-PL\",\"@id\":\"http:\\\/\\\/adma-med.pl\\\/#\\\/schema\\\/logo\\\/image\\\/\",\"url\":\"http:\\\/\\\/adma-med.pl\\\/wp-content\\\/uploads\\\/2021\\\/05\\\/cropped-logo_ok-01-01.png\",\"contentUrl\":\"http:\\\/\\\/adma-med.pl\\\/wp-content\\\/uploads\\\/2021\\\/05\\\/cropped-logo_ok-01-01.png\",\"width\":434,\"height\":434,\"caption\":\"Adma-Med. Przychodnia Lekarska\"},\"image\":{\"@id\":\"http:\\\/\\\/adma-med.pl\\\/#\\\/schema\\\/logo\\\/image\\\/\"},\"sameAs\":[\"https:\\\/\\\/www.facebook.com\\\/admagrybow\\\/\"]},{\"@type\":\"Person\",\"@id\":\"http:\\\/\\\/adma-med.pl\\\/#\\\/schema\\\/person\\\/fc6b840f48734c4cd235b89920a6a25a\",\"name\":\"lpolek\",\"image\":{\"@type\":\"ImageObject\",\"inLanguage\":\"pl-PL\",\"@id\":\"https:\\\/\\\/secure.gravatar.com\\\/avatar\\\/ce1bd04bee74fa66c1242d61f406f9ce3c25af979b99836d261a3dc7fde431bd?s=96&d=mm&r=g\",\"url\":\"https:\\\/\\\/secure.gravatar.com\\\/avatar\\\/ce1bd04bee74fa66c1242d61f406f9ce3c25af979b99836d261a3dc7fde431bd?s=96&d=mm&r=g\",\"contentUrl\":\"https:\\\/\\\/secure.gravatar.com\\\/avatar\\\/ce1bd04bee74fa66c1242d61f406f9ce3c25af979b99836d261a3dc7fde431bd?s=96&d=mm&r=g\",\"caption\":\"lpolek\"},\"url\":\"http:\\\/\\\/adma-med.pl\\\/index.php\\\/author\\\/lpolek\\\/\"}]}<\/script>\n<!-- \/ Yoast SEO plugin. -->","yoast_head_json":{"title":"Medcyna Estetyczna - Adma-Med. Przychodnia Lekarska","robots":{"index":"index","follow":"follow","max-snippet":"max-snippet:-1","max-image-preview":"max-image-preview:large","max-video-preview":"max-video-preview:-1"},"canonical":"http:\/\/adma-med.pl\/index.php\/2025\/03\/24\/medcyna-estetyczna\/","og_locale":"pl_PL","og_type":"article","og_title":"Medcyna Estetyczna - Adma-Med. Przychodnia Lekarska","og_description":"Zapraszamy na zabiegi medycyny estetycznej z lek Karolin\u0105 Maciejewsk\u0105! 22 marca 2025 (sobota) od godziny 9:00 w Adma-Med w Grybowie! Lekarz Karolina Maciejewska, zaprasza na zabiegi, kt\u00f3re podkre\u015bl\u0105 Twoje naturalne pi\u0119kno i poprawi\u0105 wygl\u0105d sk\u00f3ry. W ofercie: Botoks \u2013 wyg\u0142adzanie zmarszczek, poprawa konturu twarzy, redukcja zmarszczek na czole, wok\u00f3\u0142 oczu i ust. Mezoterapia \u2013 stymulacja&hellip;","og_url":"http:\/\/adma-med.pl\/index.php\/2025\/03\/24\/medcyna-estetyczna\/","og_site_name":"Adma-Med. Przychodnia Lekarska","article_publisher":"https:\/\/www.facebook.com\/admagrybow\/","article_published_time":"2025-03-24T20:03:37+00:00","article_modified_time":"2025-08-26T20:33:06+00:00","og_image":[{"width":2560,"height":1436,"url":"http:\/\/adma-med.pl\/wp-content\/uploads\/2025\/03\/plakatA4-scaled.jpg","type":"image\/jpeg"}],"author":"lpolek","twitter_card":"summary_large_image","twitter_misc":{"Napisane przez":"lpolek","Szacowany czas czytania":"4 minuty"},"schema":{"@context":"https:\/\/schema.org","@graph":[{"@type":"Article","@id":"http:\/\/adma-med.pl\/index.php\/2025\/03\/24\/medcyna-estetyczna\/#article","isPartOf":{"@id":"http:\/\/adma-med.pl\/index.php\/2025\/03\/24\/medcyna-estetyczna\/"},"author":{"name":"lpolek","@id":"http:\/\/adma-med.pl\/#\/schema\/person\/fc6b840f48734c4cd235b89920a6a25a"},"headline":"Medcyna Estetyczna","datePublished":"2025-03-24T20:03:37+00:00","dateModified":"2025-08-26T20:33:06+00:00","mainEntityOfPage":{"@id":"http:\/\/adma-med.pl\/index.php\/2025\/03\/24\/medcyna-estetyczna\/"},"wordCount":124,"publisher":{"@id":"http:\/\/adma-med.pl\/#organization"},"image":{"@id":"http:\/\/adma-med.pl\/index.php\/2025\/03\/24\/medcyna-estetyczna\/#primaryimage"},"thumbnailUrl":"http:\/\/adma-med.pl\/wp-content\/uploads\/2025\/03\/plakatA4-scaled.jpg","articleSection":["Uncategorized"],"inLanguage":"pl-PL"},{"@type":"WebPage","@id":"http:\/\/adma-med.pl\/index.php\/2025\/03\/24\/medcyna-estetyczna\/","url":"http:\/\/adma-med.pl\/index.php\/2025\/03\/24\/medcyna-estetyczna\/","name":"Medcyna Estetyczna - Adma-Med. Przychodnia Lekarska","isPartOf":{"@id":"http:\/\/adma-med.pl\/#website"},"primaryImageOfPage":{"@id":"http:\/\/adma-med.pl\/index.php\/2025\/03\/24\/medcyna-estetyczna\/#primaryimage"},"image":{"@id":"http:\/\/adma-med.pl\/index.php\/2025\/03\/24\/medcyna-estetyczna\/#primaryimage"},"thumbnailUrl":"http:\/\/adma-med.pl\/wp-content\/uploads\/2025\/03\/plakatA4-scaled.jpg","datePublished":"2025-03-24T20:03:37+00:00","dateModified":"2025-08-26T20:33:06+00:00","breadcrumb":{"@id":"http:\/\/adma-med.pl\/index.php\/2025\/03\/24\/medcyna-estetyczna\/#breadcrumb"},"inLanguage":"pl-PL","potentialAction":[{"@type":"ReadAction","target":["http:\/\/adma-med.pl\/index.php\/2025\/03\/24\/medcyna-estetyczna\/"]}]},{"@type":"BreadcrumbList","@id":"http:\/\/adma-med.pl\/index.php\/2025\/03\/24\/medcyna-estetyczna\/#breadcrumb","itemListElement":[{"@type":"ListItem","position":1,"name":"Strona g\u0142\u00f3wna","item":"http:\/\/adma-med.pl\/"},{"@type":"ListItem","position":2,"name":"Medcyna Estetyczna"}]},{"@type":"WebSite","@id":"http:\/\/adma-med.pl\/#website","url":"http:\/\/adma-med.pl\/","name":"Adma-Med. Przychodnia Lekarska","description":"","publisher":{"@id":"http:\/\/adma-med.pl\/#organization"},"potentialAction":[{"@type":"SearchAction","target":{"@type":"EntryPoint","urlTemplate":"http:\/\/adma-med.pl\/?s={search_term_string}"},"query-input":{"@type":"PropertyValueSpecification","valueRequired":true,"valueName":"search_term_string"}}],"inLanguage":"pl-PL"},{"@type":"Organization","@id":"http:\/\/adma-med.pl\/#organization","name":"Adma-Med. Przychodnia Lekarska","url":"http:\/\/adma-med.pl\/","logo":{"@type":"ImageObject","inLanguage":"pl-PL","@id":"http:\/\/adma-med.pl\/#\/schema\/logo\/image\/","url":"http:\/\/adma-med.pl\/wp-content\/uploads\/2021\/05\/cropped-logo_ok-01-01.png","contentUrl":"http:\/\/adma-med.pl\/wp-content\/uploads\/2021\/05\/cropped-logo_ok-01-01.png","width":434,"height":434,"caption":"Adma-Med. Przychodnia Lekarska"},"image":{"@id":"http:\/\/adma-med.pl\/#\/schema\/logo\/image\/"},"sameAs":["https:\/\/www.facebook.com\/admagrybow\/"]},{"@type":"Person","@id":"http:\/\/adma-med.pl\/#\/schema\/person\/fc6b840f48734c4cd235b89920a6a25a","name":"lpolek","image":{"@type":"ImageObject","inLanguage":"pl-PL","@id":"https:\/\/secure.gravatar.com\/avatar\/ce1bd04bee74fa66c1242d61f406f9ce3c25af979b99836d261a3dc7fde431bd?s=96&d=mm&r=g","url":"https:\/\/secure.gravatar.com\/avatar\/ce1bd04bee74fa66c1242d61f406f9ce3c25af979b99836d261a3dc7fde431bd?s=96&d=mm&r=g","contentUrl":"https:\/\/secure.gravatar.com\/avatar\/ce1bd04bee74fa66c1242d61f406f9ce3c25af979b99836d261a3dc7fde431bd?s=96&d=mm&r=g","caption":"lpolek"},"url":"http:\/\/adma-med.pl\/index.php\/author\/lpolek\/"}]}},"jetpack_featured_media_url":"http:\/\/adma-med.pl\/wp-content\/uploads\/2025\/03\/plakatA4-scaled.jpg","jetpack_sharing_enabled":true,"_links":{"self":[{"href":"http:\/\/adma-med.pl\/index.php\/wp-json\/wp\/v2\/posts\/3714","targetHints":{"allow":["GET"]}}],"collection":[{"href":"http:\/\/adma-med.pl\/index.php\/wp-json\/wp\/v2\/posts"}],"about":[{"href":"http:\/\/adma-med.pl\/index.php\/wp-json\/wp\/v2\/types\/post"}],"author":[{"embeddable":true,"href":"http:\/\/adma-med.pl\/index.php\/wp-json\/wp\/v2\/users\/1"}],"replies":[{"embeddable":true,"href":"http:\/\/adma-med.pl\/index.php\/wp-json\/wp\/v2\/comments?post=3714"}],"version-history":[{"count":2,"href":"http:\/\/adma-med.pl\/index.php\/wp-json\/wp\/v2\/posts\/3714\/revisions"}],"predecessor-version":[{"id":3866,"href":"http:\/\/adma-med.pl\/index.php\/wp-json\/wp\/v2\/posts\/3714\/revisions\/3866"}],"wp:featuredmedia":[{"embeddable":true,"href":"http:\/\/adma-med.pl\/index.php\/wp-json\/wp\/v2\/media\/3719"}],"wp:attachment":[{"href":"http:\/\/adma-med.pl\/index.php\/wp-json\/wp\/v2\/media?parent=3714"}],"wp:term":[{"taxonomy":"category","embeddable":true,"href":"http:\/\/adma-med.pl\/index.php\/wp-json\/wp\/v2\/categories?post=3714"},{"taxonomy":"post_tag","embeddable":true,"href":"http:\/\/adma-med.pl\/index.php\/wp-json\/wp\/v2\/tags?post=3714"}],"curies":[{"name":"wp","href":"https:\/\/api.w.org\/{rel}","templated":true}]}}