{"id":3545,"date":"2025-01-17T01:59:15","date_gmt":"2025-01-17T00:59:15","guid":{"rendered":"http:\/\/adma-med.pl\/?p=3545"},"modified":"2025-01-17T01:59:27","modified_gmt":"2025-01-17T00:59:27","slug":"psychiatra","status":"publish","type":"post","link":"http:\/\/adma-med.pl\/index.php\/2025\/01\/17\/psychiatra\/","title":{"rendered":"PSYCHIATRA"},"content":{"rendered":"\n<p><img decoding=\"async\" height=\"16\" width=\"16\" alt=\"\ud83d\udce2\" src=\"https:\/\/static.xx.fbcdn.net\/images\/emoji.php\/v9\/t39\/1\/16\/1f4e2.png\"> WA\u017bNA INFORMACJA DLA PACJENT\u00d3W<\/p>\n\n\n\n<p>Informujemy, \u017ce od teraz psychiatra Aleksandra Gutterch w przychodni Adma-Med w Grybowie b\u0119dzie przyjmowa\u0107 pacjent\u00f3w w poniedzia\u0142ki zamiast w \u015brody.<\/p>\n\n\n\n<p><img decoding=\"async\" height=\"16\" width=\"16\" alt=\"\ud83d\uddd3\ufe0f\" src=\"https:\/\/static.xx.fbcdn.net\/images\/emoji.php\/v9\/t5c\/1\/16\/1f5d3.png\"> Nowy dzie\u0144 wizyt:<\/p>\n\n\n\n<p><img decoding=\"async\" height=\"16\" width=\"16\" alt=\"\u27a1\ufe0f\" src=\"https:\/\/static.xx.fbcdn.net\/images\/emoji.php\/v9\/t9e\/1\/16\/27a1.png\"><a><\/a>Poniedzia\u0142ek (zmiana obowi\u0105zuje od najbli\u017cszego tygodnia).<\/p>\n\n\n\n<p>W celu zapis\u00f3w lub uzyskania dodatkowych informacji prosimy o kontakt telefoniczny pod numerem: 18-445-06-79.<\/p>\n\n\n\n<p>Dzi\u0119kujemy za zrozumienie i zapraszamy na wizyty! <img loading=\"lazy\" decoding=\"async\" height=\"16\" width=\"16\" alt=\"\ud83d\ude0a\" src=\"https:\/\/static.xx.fbcdn.net\/images\/emoji.php\/v9\/t7f\/1\/16\/1f60a.png\"><\/p>\n\n\n\n<p>Zesp\u00f3\u0142 Adma-Med<\/p>\n","protected":false},"excerpt":{"rendered":"<p>WA\u017bNA INFORMACJA DLA PACJENT\u00d3W Informujemy, \u017ce od teraz psychiatra Aleksandra Gutterch w przychodni Adma-Med w Grybowie b\u0119dzie przyjmowa\u0107 pacjent\u00f3w w poniedzia\u0142ki zamiast w \u015brody. Nowy dzie\u0144 wizyt: Poniedzia\u0142ek (zmiana obowi\u0105zuje od najbli\u017cszego tygodnia). W celu zapis\u00f3w lub uzyskania dodatkowych informacji prosimy o kontakt telefoniczny pod numerem: 18-445-06-79. Dzi\u0119kujemy za zrozumienie i zapraszamy na wizyty! Zesp\u00f3\u0142&hellip; <\/p>\n","protected":false},"author":1,"featured_media":3546,"comment_status":"closed","ping_status":"closed","sticky":false,"template":"","format":"standard","meta":{"_monsterinsights_skip_tracking":false,"_monsterinsights_sitenote_active":false,"_monsterinsights_sitenote_note":"","_monsterinsights_sitenote_category":0,"cybocfi_hide_featured_image":"yes","_jetpack_memberships_contains_paid_content":false,"footnotes":""},"categories":[1],"tags":[],"class_list":["post-3545","post","type-post","status-publish","format-standard","has-post-thumbnail","hentry","category-uncategorized"],"yoast_head":"<!-- This site is optimized with the Yoast SEO plugin v27.4 - https:\/\/yoast.com\/product\/yoast-seo-wordpress\/ -->\n<title>PSYCHIATRA - Adma-Med. Przychodnia Lekarska<\/title>\n<meta name=\"description\" content=\"Informujemy, \u017ce od teraz psychiatra Aleksandra Gutterch w przychodni Adma-Med w Grybowie b\u0119dzie przyjmowa\u0107 pacjent\u00f3w w poniedzia\u0142ki zamiast w \u015brody.\" \/>\n<meta name=\"robots\" content=\"index, follow, max-snippet:-1, max-image-preview:large, max-video-preview:-1\" \/>\n<link rel=\"canonical\" href=\"http:\/\/adma-med.pl\/index.php\/2025\/01\/17\/psychiatra\/\" \/>\n<meta property=\"og:locale\" content=\"pl_PL\" \/>\n<meta property=\"og:type\" content=\"article\" \/>\n<meta property=\"og:title\" content=\"PSYCHIATRA - Adma-Med. Przychodnia Lekarska\" \/>\n<meta property=\"og:description\" content=\"Informujemy, \u017ce od teraz psychiatra Aleksandra Gutterch w przychodni Adma-Med w Grybowie b\u0119dzie przyjmowa\u0107 pacjent\u00f3w w poniedzia\u0142ki zamiast w \u015brody.\" \/>\n<meta property=\"og:url\" content=\"http:\/\/adma-med.pl\/index.php\/2025\/01\/17\/psychiatra\/\" \/>\n<meta property=\"og:site_name\" content=\"Adma-Med. Przychodnia Lekarska\" \/>\n<meta property=\"article:publisher\" content=\"https:\/\/www.facebook.com\/admagrybow\/\" \/>\n<meta property=\"article:published_time\" content=\"2025-01-17T00:59:15+00:00\" \/>\n<meta property=\"article:modified_time\" content=\"2025-01-17T00:59:27+00:00\" \/>\n<meta property=\"og:image\" content=\"http:\/\/adma-med.pl\/wp-content\/uploads\/2025\/01\/psychology-2647941_1280.jpg\" \/>\n\t<meta property=\"og:image:width\" content=\"790\" \/>\n\t<meta property=\"og:image:height\" content=\"790\" \/>\n\t<meta property=\"og:image:type\" content=\"image\/jpeg\" \/>\n<meta name=\"author\" content=\"lpolek\" \/>\n<meta name=\"twitter:card\" content=\"summary_large_image\" \/>\n<meta name=\"twitter:label1\" content=\"Napisane przez\" \/>\n\t<meta name=\"twitter:data1\" content=\"lpolek\" \/>\n\t<meta name=\"twitter:label2\" content=\"Szacowany czas czytania\" \/>\n\t<meta name=\"twitter:data2\" content=\"2 minuty\" \/>\n<script type=\"application\/ld+json\" class=\"yoast-schema-graph\">{\"@context\":\"https:\\\/\\\/schema.org\",\"@graph\":[{\"@type\":\"Article\",\"@id\":\"http:\\\/\\\/adma-med.pl\\\/index.php\\\/2025\\\/01\\\/17\\\/psychiatra\\\/#article\",\"isPartOf\":{\"@id\":\"http:\\\/\\\/adma-med.pl\\\/index.php\\\/2025\\\/01\\\/17\\\/psychiatra\\\/\"},\"author\":{\"name\":\"lpolek\",\"@id\":\"http:\\\/\\\/adma-med.pl\\\/#\\\/schema\\\/person\\\/fc6b840f48734c4cd235b89920a6a25a\"},\"headline\":\"PSYCHIATRA\",\"datePublished\":\"2025-01-17T00:59:15+00:00\",\"dateModified\":\"2025-01-17T00:59:27+00:00\",\"mainEntityOfPage\":{\"@id\":\"http:\\\/\\\/adma-med.pl\\\/index.php\\\/2025\\\/01\\\/17\\\/psychiatra\\\/\"},\"wordCount\":69,\"publisher\":{\"@id\":\"http:\\\/\\\/adma-med.pl\\\/#organization\"},\"image\":{\"@id\":\"http:\\\/\\\/adma-med.pl\\\/index.php\\\/2025\\\/01\\\/17\\\/psychiatra\\\/#primaryimage\"},\"thumbnailUrl\":\"http:\\\/\\\/adma-med.pl\\\/wp-content\\\/uploads\\\/2025\\\/01\\\/psychology-2647941_1280.jpg\",\"articleSection\":[\"Uncategorized\"],\"inLanguage\":\"pl-PL\"},{\"@type\":\"WebPage\",\"@id\":\"http:\\\/\\\/adma-med.pl\\\/index.php\\\/2025\\\/01\\\/17\\\/psychiatra\\\/\",\"url\":\"http:\\\/\\\/adma-med.pl\\\/index.php\\\/2025\\\/01\\\/17\\\/psychiatra\\\/\",\"name\":\"PSYCHIATRA - Adma-Med. Przychodnia Lekarska\",\"isPartOf\":{\"@id\":\"http:\\\/\\\/adma-med.pl\\\/#website\"},\"primaryImageOfPage\":{\"@id\":\"http:\\\/\\\/adma-med.pl\\\/index.php\\\/2025\\\/01\\\/17\\\/psychiatra\\\/#primaryimage\"},\"image\":{\"@id\":\"http:\\\/\\\/adma-med.pl\\\/index.php\\\/2025\\\/01\\\/17\\\/psychiatra\\\/#primaryimage\"},\"thumbnailUrl\":\"http:\\\/\\\/adma-med.pl\\\/wp-content\\\/uploads\\\/2025\\\/01\\\/psychology-2647941_1280.jpg\",\"datePublished\":\"2025-01-17T00:59:15+00:00\",\"dateModified\":\"2025-01-17T00:59:27+00:00\",\"description\":\"Informujemy, \u017ce od teraz psychiatra Aleksandra Gutterch w przychodni Adma-Med w Grybowie b\u0119dzie przyjmowa\u0107 pacjent\u00f3w w poniedzia\u0142ki zamiast w \u015brody.\",\"breadcrumb\":{\"@id\":\"http:\\\/\\\/adma-med.pl\\\/index.php\\\/2025\\\/01\\\/17\\\/psychiatra\\\/#breadcrumb\"},\"inLanguage\":\"pl-PL\",\"potentialAction\":[{\"@type\":\"ReadAction\",\"target\":[\"http:\\\/\\\/adma-med.pl\\\/index.php\\\/2025\\\/01\\\/17\\\/psychiatra\\\/\"]}]},{\"@type\":\"BreadcrumbList\",\"@id\":\"http:\\\/\\\/adma-med.pl\\\/index.php\\\/2025\\\/01\\\/17\\\/psychiatra\\\/#breadcrumb\",\"itemListElement\":[{\"@type\":\"ListItem\",\"position\":1,\"name\":\"Strona g\u0142\u00f3wna\",\"item\":\"http:\\\/\\\/adma-med.pl\\\/\"},{\"@type\":\"ListItem\",\"position\":2,\"name\":\"PSYCHIATRA\"}]},{\"@type\":\"WebSite\",\"@id\":\"http:\\\/\\\/adma-med.pl\\\/#website\",\"url\":\"http:\\\/\\\/adma-med.pl\\\/\",\"name\":\"Adma-Med. Przychodnia Lekarska\",\"description\":\"\",\"publisher\":{\"@id\":\"http:\\\/\\\/adma-med.pl\\\/#organization\"},\"potentialAction\":[{\"@type\":\"SearchAction\",\"target\":{\"@type\":\"EntryPoint\",\"urlTemplate\":\"http:\\\/\\\/adma-med.pl\\\/?s={search_term_string}\"},\"query-input\":{\"@type\":\"PropertyValueSpecification\",\"valueRequired\":true,\"valueName\":\"search_term_string\"}}],\"inLanguage\":\"pl-PL\"},{\"@type\":\"Organization\",\"@id\":\"http:\\\/\\\/adma-med.pl\\\/#organization\",\"name\":\"Adma-Med. Przychodnia Lekarska\",\"url\":\"http:\\\/\\\/adma-med.pl\\\/\",\"logo\":{\"@type\":\"ImageObject\",\"inLanguage\":\"pl-PL\",\"@id\":\"http:\\\/\\\/adma-med.pl\\\/#\\\/schema\\\/logo\\\/image\\\/\",\"url\":\"http:\\\/\\\/adma-med.pl\\\/wp-content\\\/uploads\\\/2021\\\/05\\\/cropped-logo_ok-01-01.png\",\"contentUrl\":\"http:\\\/\\\/adma-med.pl\\\/wp-content\\\/uploads\\\/2021\\\/05\\\/cropped-logo_ok-01-01.png\",\"width\":434,\"height\":434,\"caption\":\"Adma-Med. Przychodnia Lekarska\"},\"image\":{\"@id\":\"http:\\\/\\\/adma-med.pl\\\/#\\\/schema\\\/logo\\\/image\\\/\"},\"sameAs\":[\"https:\\\/\\\/www.facebook.com\\\/admagrybow\\\/\"]},{\"@type\":\"Person\",\"@id\":\"http:\\\/\\\/adma-med.pl\\\/#\\\/schema\\\/person\\\/fc6b840f48734c4cd235b89920a6a25a\",\"name\":\"lpolek\",\"image\":{\"@type\":\"ImageObject\",\"inLanguage\":\"pl-PL\",\"@id\":\"https:\\\/\\\/secure.gravatar.com\\\/avatar\\\/ce1bd04bee74fa66c1242d61f406f9ce3c25af979b99836d261a3dc7fde431bd?s=96&d=mm&r=g\",\"url\":\"https:\\\/\\\/secure.gravatar.com\\\/avatar\\\/ce1bd04bee74fa66c1242d61f406f9ce3c25af979b99836d261a3dc7fde431bd?s=96&d=mm&r=g\",\"contentUrl\":\"https:\\\/\\\/secure.gravatar.com\\\/avatar\\\/ce1bd04bee74fa66c1242d61f406f9ce3c25af979b99836d261a3dc7fde431bd?s=96&d=mm&r=g\",\"caption\":\"lpolek\"},\"url\":\"http:\\\/\\\/adma-med.pl\\\/index.php\\\/author\\\/lpolek\\\/\"}]}<\/script>\n<!-- \/ Yoast SEO plugin. -->","yoast_head_json":{"title":"PSYCHIATRA - Adma-Med. Przychodnia Lekarska","description":"Informujemy, \u017ce od teraz psychiatra Aleksandra Gutterch w przychodni Adma-Med w Grybowie b\u0119dzie przyjmowa\u0107 pacjent\u00f3w w poniedzia\u0142ki zamiast w \u015brody.","robots":{"index":"index","follow":"follow","max-snippet":"max-snippet:-1","max-image-preview":"max-image-preview:large","max-video-preview":"max-video-preview:-1"},"canonical":"http:\/\/adma-med.pl\/index.php\/2025\/01\/17\/psychiatra\/","og_locale":"pl_PL","og_type":"article","og_title":"PSYCHIATRA - Adma-Med. Przychodnia Lekarska","og_description":"Informujemy, \u017ce od teraz psychiatra Aleksandra Gutterch w przychodni Adma-Med w Grybowie b\u0119dzie przyjmowa\u0107 pacjent\u00f3w w poniedzia\u0142ki zamiast w \u015brody.","og_url":"http:\/\/adma-med.pl\/index.php\/2025\/01\/17\/psychiatra\/","og_site_name":"Adma-Med. Przychodnia Lekarska","article_publisher":"https:\/\/www.facebook.com\/admagrybow\/","article_published_time":"2025-01-17T00:59:15+00:00","article_modified_time":"2025-01-17T00:59:27+00:00","og_image":[{"width":790,"height":790,"url":"http:\/\/adma-med.pl\/wp-content\/uploads\/2025\/01\/psychology-2647941_1280.jpg","type":"image\/jpeg"}],"author":"lpolek","twitter_card":"summary_large_image","twitter_misc":{"Napisane przez":"lpolek","Szacowany czas czytania":"2 minuty"},"schema":{"@context":"https:\/\/schema.org","@graph":[{"@type":"Article","@id":"http:\/\/adma-med.pl\/index.php\/2025\/01\/17\/psychiatra\/#article","isPartOf":{"@id":"http:\/\/adma-med.pl\/index.php\/2025\/01\/17\/psychiatra\/"},"author":{"name":"lpolek","@id":"http:\/\/adma-med.pl\/#\/schema\/person\/fc6b840f48734c4cd235b89920a6a25a"},"headline":"PSYCHIATRA","datePublished":"2025-01-17T00:59:15+00:00","dateModified":"2025-01-17T00:59:27+00:00","mainEntityOfPage":{"@id":"http:\/\/adma-med.pl\/index.php\/2025\/01\/17\/psychiatra\/"},"wordCount":69,"publisher":{"@id":"http:\/\/adma-med.pl\/#organization"},"image":{"@id":"http:\/\/adma-med.pl\/index.php\/2025\/01\/17\/psychiatra\/#primaryimage"},"thumbnailUrl":"http:\/\/adma-med.pl\/wp-content\/uploads\/2025\/01\/psychology-2647941_1280.jpg","articleSection":["Uncategorized"],"inLanguage":"pl-PL"},{"@type":"WebPage","@id":"http:\/\/adma-med.pl\/index.php\/2025\/01\/17\/psychiatra\/","url":"http:\/\/adma-med.pl\/index.php\/2025\/01\/17\/psychiatra\/","name":"PSYCHIATRA - Adma-Med. Przychodnia Lekarska","isPartOf":{"@id":"http:\/\/adma-med.pl\/#website"},"primaryImageOfPage":{"@id":"http:\/\/adma-med.pl\/index.php\/2025\/01\/17\/psychiatra\/#primaryimage"},"image":{"@id":"http:\/\/adma-med.pl\/index.php\/2025\/01\/17\/psychiatra\/#primaryimage"},"thumbnailUrl":"http:\/\/adma-med.pl\/wp-content\/uploads\/2025\/01\/psychology-2647941_1280.jpg","datePublished":"2025-01-17T00:59:15+00:00","dateModified":"2025-01-17T00:59:27+00:00","description":"Informujemy, \u017ce od teraz psychiatra Aleksandra Gutterch w przychodni Adma-Med w Grybowie b\u0119dzie przyjmowa\u0107 pacjent\u00f3w w poniedzia\u0142ki zamiast w \u015brody.","breadcrumb":{"@id":"http:\/\/adma-med.pl\/index.php\/2025\/01\/17\/psychiatra\/#breadcrumb"},"inLanguage":"pl-PL","potentialAction":[{"@type":"ReadAction","target":["http:\/\/adma-med.pl\/index.php\/2025\/01\/17\/psychiatra\/"]}]},{"@type":"BreadcrumbList","@id":"http:\/\/adma-med.pl\/index.php\/2025\/01\/17\/psychiatra\/#breadcrumb","itemListElement":[{"@type":"ListItem","position":1,"name":"Strona g\u0142\u00f3wna","item":"http:\/\/adma-med.pl\/"},{"@type":"ListItem","position":2,"name":"PSYCHIATRA"}]},{"@type":"WebSite","@id":"http:\/\/adma-med.pl\/#website","url":"http:\/\/adma-med.pl\/","name":"Adma-Med. Przychodnia Lekarska","description":"","publisher":{"@id":"http:\/\/adma-med.pl\/#organization"},"potentialAction":[{"@type":"SearchAction","target":{"@type":"EntryPoint","urlTemplate":"http:\/\/adma-med.pl\/?s={search_term_string}"},"query-input":{"@type":"PropertyValueSpecification","valueRequired":true,"valueName":"search_term_string"}}],"inLanguage":"pl-PL"},{"@type":"Organization","@id":"http:\/\/adma-med.pl\/#organization","name":"Adma-Med. Przychodnia Lekarska","url":"http:\/\/adma-med.pl\/","logo":{"@type":"ImageObject","inLanguage":"pl-PL","@id":"http:\/\/adma-med.pl\/#\/schema\/logo\/image\/","url":"http:\/\/adma-med.pl\/wp-content\/uploads\/2021\/05\/cropped-logo_ok-01-01.png","contentUrl":"http:\/\/adma-med.pl\/wp-content\/uploads\/2021\/05\/cropped-logo_ok-01-01.png","width":434,"height":434,"caption":"Adma-Med. Przychodnia Lekarska"},"image":{"@id":"http:\/\/adma-med.pl\/#\/schema\/logo\/image\/"},"sameAs":["https:\/\/www.facebook.com\/admagrybow\/"]},{"@type":"Person","@id":"http:\/\/adma-med.pl\/#\/schema\/person\/fc6b840f48734c4cd235b89920a6a25a","name":"lpolek","image":{"@type":"ImageObject","inLanguage":"pl-PL","@id":"https:\/\/secure.gravatar.com\/avatar\/ce1bd04bee74fa66c1242d61f406f9ce3c25af979b99836d261a3dc7fde431bd?s=96&d=mm&r=g","url":"https:\/\/secure.gravatar.com\/avatar\/ce1bd04bee74fa66c1242d61f406f9ce3c25af979b99836d261a3dc7fde431bd?s=96&d=mm&r=g","contentUrl":"https:\/\/secure.gravatar.com\/avatar\/ce1bd04bee74fa66c1242d61f406f9ce3c25af979b99836d261a3dc7fde431bd?s=96&d=mm&r=g","caption":"lpolek"},"url":"http:\/\/adma-med.pl\/index.php\/author\/lpolek\/"}]}},"jetpack_featured_media_url":"http:\/\/adma-med.pl\/wp-content\/uploads\/2025\/01\/psychology-2647941_1280.jpg","jetpack_sharing_enabled":true,"_links":{"self":[{"href":"http:\/\/adma-med.pl\/index.php\/wp-json\/wp\/v2\/posts\/3545","targetHints":{"allow":["GET"]}}],"collection":[{"href":"http:\/\/adma-med.pl\/index.php\/wp-json\/wp\/v2\/posts"}],"about":[{"href":"http:\/\/adma-med.pl\/index.php\/wp-json\/wp\/v2\/types\/post"}],"author":[{"embeddable":true,"href":"http:\/\/adma-med.pl\/index.php\/wp-json\/wp\/v2\/users\/1"}],"replies":[{"embeddable":true,"href":"http:\/\/adma-med.pl\/index.php\/wp-json\/wp\/v2\/comments?post=3545"}],"version-history":[{"count":1,"href":"http:\/\/adma-med.pl\/index.php\/wp-json\/wp\/v2\/posts\/3545\/revisions"}],"predecessor-version":[{"id":3547,"href":"http:\/\/adma-med.pl\/index.php\/wp-json\/wp\/v2\/posts\/3545\/revisions\/3547"}],"wp:featuredmedia":[{"embeddable":true,"href":"http:\/\/adma-med.pl\/index.php\/wp-json\/wp\/v2\/media\/3546"}],"wp:attachment":[{"href":"http:\/\/adma-med.pl\/index.php\/wp-json\/wp\/v2\/media?parent=3545"}],"wp:term":[{"taxonomy":"category","embeddable":true,"href":"http:\/\/adma-med.pl\/index.php\/wp-json\/wp\/v2\/categories?post=3545"},{"taxonomy":"post_tag","embeddable":true,"href":"http:\/\/adma-med.pl\/index.php\/wp-json\/wp\/v2\/tags?post=3545"}],"curies":[{"name":"wp","href":"https:\/\/api.w.org\/{rel}","templated":true}]}}