{"id":3241,"date":"2024-09-10T23:00:17","date_gmt":"2024-09-10T22:00:17","guid":{"rendered":"http:\/\/adma-med.pl\/?p=3241"},"modified":"2024-09-10T23:01:17","modified_gmt":"2024-09-10T22:01:17","slug":"zaproszenie-na-uroczystosc-wreczenia-sztandaru","status":"publish","type":"post","link":"http:\/\/adma-med.pl\/index.php\/2024\/09\/10\/zaproszenie-na-uroczystosc-wreczenia-sztandaru\/","title":{"rendered":"Zaproszenie na Uroczysto\u015b\u0107 Wr\u0119czenia Sztandaru"},"content":{"rendered":"<p>Klub Honorowych Dawc\u00f3w Krwi &#8222;Adma&#8221; ma zaszczyt zaprosi\u0107 wszystkich krwiodawc\u00f3w na uroczyste wr\u0119czenie sztandaru, kt\u00f3re odb\u0119dzie si\u0119 21 czerwca 2024 r. (sobota) o godzinie 10:00 w Bazylice Mniejszej w Grybowie.<\/p>\n<p>To wyj\u0105tkowe wydarzenie jest okazj\u0105 do wyra\u017cenia naszej g\u0142\u0119bokiej wdzi\u0119czno\u015bci dla wszystkich krwiodawc\u00f3w, kt\u00f3rzy wsp\u00f3lnie oddali 2702 litry krwi, ratuj\u0105c tym samym niezliczone \u017cycie. \u2764\ufe0f<\/p>\n<p>Serdecznie dzi\u0119kujemy za Wasz\u0105 bezinteresown\u0105 pomoc i zapraszamy do wsp\u00f3lnego \u015bwi\u0119towania!<\/p>\n","protected":false},"excerpt":{"rendered":"<p>Klub Honorowych Dawc\u00f3w Krwi &#8222;Adma&#8221; ma zaszczyt zaprosi\u0107 wszystkich krwiodawc\u00f3w na uroczyste wr\u0119czenie sztandaru, kt\u00f3re odb\u0119dzie si\u0119 21 czerwca 2024 r. (sobota) o godzinie 10:00 w Bazylice Mniejszej w Grybowie. To wyj\u0105tkowe wydarzenie jest okazj\u0105 do wyra\u017cenia naszej g\u0142\u0119bokiej wdzi\u0119czno\u015bci dla wszystkich krwiodawc\u00f3w, kt\u00f3rzy wsp\u00f3lnie oddali 2702 litry krwi, ratuj\u0105c tym samym niezliczone \u017cycie. \u2764\ufe0f&hellip; <\/p>\n","protected":false},"author":1,"featured_media":3242,"comment_status":"closed","ping_status":"closed","sticky":false,"template":"","format":"standard","meta":{"_monsterinsights_skip_tracking":false,"_monsterinsights_sitenote_active":false,"_monsterinsights_sitenote_note":"","_monsterinsights_sitenote_category":0,"cybocfi_hide_featured_image":"","_jetpack_memberships_contains_paid_content":false,"footnotes":""},"categories":[1],"tags":[129,145,134,127],"class_list":["post-3241","post","type-post","status-publish","format-standard","has-post-thumbnail","hentry","category-uncategorized","tag-akcja","tag-grybow-2","tag-hdk","tag-krew"],"yoast_head":"<!-- This site is optimized with the Yoast SEO plugin v27.4 - https:\/\/yoast.com\/product\/yoast-seo-wordpress\/ -->\n<title>Zaproszenie na Uroczysto\u015b\u0107 Wr\u0119czenia Sztandaru - Adma-Med. Przychodnia Lekarska<\/title>\n<meta name=\"description\" content=\"Adma-Med. Przychodnia Lekarska Zaproszenie na Uroczysto\u015b\u0107 Wr\u0119czenia Sztandaru\" \/>\n<meta name=\"robots\" content=\"index, follow, max-snippet:-1, max-image-preview:large, max-video-preview:-1\" \/>\n<link rel=\"canonical\" href=\"http:\/\/adma-med.pl\/index.php\/2024\/09\/10\/zaproszenie-na-uroczystosc-wreczenia-sztandaru\/\" \/>\n<meta property=\"og:locale\" content=\"pl_PL\" \/>\n<meta property=\"og:type\" content=\"article\" \/>\n<meta property=\"og:title\" content=\"Zaproszenie na Uroczysto\u015b\u0107 Wr\u0119czenia Sztandaru - Adma-Med. Przychodnia Lekarska\" \/>\n<meta property=\"og:description\" content=\"Adma-Med. Przychodnia Lekarska Zaproszenie na Uroczysto\u015b\u0107 Wr\u0119czenia Sztandaru\" \/>\n<meta property=\"og:url\" content=\"http:\/\/adma-med.pl\/index.php\/2024\/09\/10\/zaproszenie-na-uroczystosc-wreczenia-sztandaru\/\" \/>\n<meta property=\"og:site_name\" content=\"Adma-Med. Przychodnia Lekarska\" \/>\n<meta property=\"article:publisher\" content=\"https:\/\/www.facebook.com\/admagrybow\/\" \/>\n<meta property=\"article:published_time\" content=\"2024-09-10T22:00:17+00:00\" \/>\n<meta property=\"article:modified_time\" content=\"2024-09-10T22:01:17+00:00\" \/>\n<meta property=\"og:image\" content=\"http:\/\/adma-med.pl\/wp-content\/uploads\/2024\/09\/WhatsApp-Image-2024-09-09-at-17.49.23-e1726005604662.jpeg\" \/>\n\t<meta property=\"og:image:width\" content=\"1112\" \/>\n\t<meta property=\"og:image:height\" content=\"1208\" \/>\n\t<meta property=\"og:image:type\" content=\"image\/jpeg\" \/>\n<meta name=\"author\" content=\"lpolek\" \/>\n<meta name=\"twitter:card\" content=\"summary_large_image\" \/>\n<meta name=\"twitter:label1\" content=\"Napisane przez\" \/>\n\t<meta name=\"twitter:data1\" content=\"lpolek\" \/>\n\t<meta name=\"twitter:label2\" content=\"Szacowany czas czytania\" \/>\n\t<meta name=\"twitter:data2\" content=\"1 minuta\" \/>\n<script type=\"application\/ld+json\" class=\"yoast-schema-graph\">{\"@context\":\"https:\\\/\\\/schema.org\",\"@graph\":[{\"@type\":\"Article\",\"@id\":\"http:\\\/\\\/adma-med.pl\\\/index.php\\\/2024\\\/09\\\/10\\\/zaproszenie-na-uroczystosc-wreczenia-sztandaru\\\/#article\",\"isPartOf\":{\"@id\":\"http:\\\/\\\/adma-med.pl\\\/index.php\\\/2024\\\/09\\\/10\\\/zaproszenie-na-uroczystosc-wreczenia-sztandaru\\\/\"},\"author\":{\"name\":\"lpolek\",\"@id\":\"https:\\\/\\\/adma-med.pl\\\/#\\\/schema\\\/person\\\/fc6b840f48734c4cd235b89920a6a25a\"},\"headline\":\"Zaproszenie na Uroczysto\u015b\u0107 Wr\u0119czenia Sztandaru\",\"datePublished\":\"2024-09-10T22:00:17+00:00\",\"dateModified\":\"2024-09-10T22:01:17+00:00\",\"mainEntityOfPage\":{\"@id\":\"http:\\\/\\\/adma-med.pl\\\/index.php\\\/2024\\\/09\\\/10\\\/zaproszenie-na-uroczystosc-wreczenia-sztandaru\\\/\"},\"wordCount\":84,\"publisher\":{\"@id\":\"https:\\\/\\\/adma-med.pl\\\/#organization\"},\"image\":{\"@id\":\"http:\\\/\\\/adma-med.pl\\\/index.php\\\/2024\\\/09\\\/10\\\/zaproszenie-na-uroczystosc-wreczenia-sztandaru\\\/#primaryimage\"},\"thumbnailUrl\":\"http:\\\/\\\/adma-med.pl\\\/wp-content\\\/uploads\\\/2024\\\/09\\\/WhatsApp-Image-2024-09-09-at-17.49.23-e1726005604662.jpeg\",\"keywords\":[\"akcja\",\"grybow\",\"HDK\",\"krew\"],\"articleSection\":[\"Uncategorized\"],\"inLanguage\":\"pl-PL\"},{\"@type\":\"WebPage\",\"@id\":\"http:\\\/\\\/adma-med.pl\\\/index.php\\\/2024\\\/09\\\/10\\\/zaproszenie-na-uroczystosc-wreczenia-sztandaru\\\/\",\"url\":\"http:\\\/\\\/adma-med.pl\\\/index.php\\\/2024\\\/09\\\/10\\\/zaproszenie-na-uroczystosc-wreczenia-sztandaru\\\/\",\"name\":\"Zaproszenie na Uroczysto\u015b\u0107 Wr\u0119czenia Sztandaru - Adma-Med. Przychodnia Lekarska\",\"isPartOf\":{\"@id\":\"https:\\\/\\\/adma-med.pl\\\/#website\"},\"primaryImageOfPage\":{\"@id\":\"http:\\\/\\\/adma-med.pl\\\/index.php\\\/2024\\\/09\\\/10\\\/zaproszenie-na-uroczystosc-wreczenia-sztandaru\\\/#primaryimage\"},\"image\":{\"@id\":\"http:\\\/\\\/adma-med.pl\\\/index.php\\\/2024\\\/09\\\/10\\\/zaproszenie-na-uroczystosc-wreczenia-sztandaru\\\/#primaryimage\"},\"thumbnailUrl\":\"http:\\\/\\\/adma-med.pl\\\/wp-content\\\/uploads\\\/2024\\\/09\\\/WhatsApp-Image-2024-09-09-at-17.49.23-e1726005604662.jpeg\",\"datePublished\":\"2024-09-10T22:00:17+00:00\",\"dateModified\":\"2024-09-10T22:01:17+00:00\",\"description\":\"Adma-Med. Przychodnia Lekarska Zaproszenie na Uroczysto\u015b\u0107 Wr\u0119czenia Sztandaru\",\"breadcrumb\":{\"@id\":\"http:\\\/\\\/adma-med.pl\\\/index.php\\\/2024\\\/09\\\/10\\\/zaproszenie-na-uroczystosc-wreczenia-sztandaru\\\/#breadcrumb\"},\"inLanguage\":\"pl-PL\",\"potentialAction\":[{\"@type\":\"ReadAction\",\"target\":[\"http:\\\/\\\/adma-med.pl\\\/index.php\\\/2024\\\/09\\\/10\\\/zaproszenie-na-uroczystosc-wreczenia-sztandaru\\\/\"]}]},{\"@type\":\"ImageObject\",\"inLanguage\":\"pl-PL\",\"@id\":\"http:\\\/\\\/adma-med.pl\\\/index.php\\\/2024\\\/09\\\/10\\\/zaproszenie-na-uroczystosc-wreczenia-sztandaru\\\/#primaryimage\",\"url\":\"http:\\\/\\\/adma-med.pl\\\/wp-content\\\/uploads\\\/2024\\\/09\\\/WhatsApp-Image-2024-09-09-at-17.49.23-e1726005604662.jpeg\",\"contentUrl\":\"http:\\\/\\\/adma-med.pl\\\/wp-content\\\/uploads\\\/2024\\\/09\\\/WhatsApp-Image-2024-09-09-at-17.49.23-e1726005604662.jpeg\",\"width\":1112,\"height\":1208},{\"@type\":\"BreadcrumbList\",\"@id\":\"http:\\\/\\\/adma-med.pl\\\/index.php\\\/2024\\\/09\\\/10\\\/zaproszenie-na-uroczystosc-wreczenia-sztandaru\\\/#breadcrumb\",\"itemListElement\":[{\"@type\":\"ListItem\",\"position\":1,\"name\":\"Strona g\u0142\u00f3wna\",\"item\":\"https:\\\/\\\/adma-med.pl\\\/\"},{\"@type\":\"ListItem\",\"position\":2,\"name\":\"Zaproszenie na Uroczysto\u015b\u0107 Wr\u0119czenia Sztandaru\"}]},{\"@type\":\"WebSite\",\"@id\":\"https:\\\/\\\/adma-med.pl\\\/#website\",\"url\":\"https:\\\/\\\/adma-med.pl\\\/\",\"name\":\"Adma-Med. Przychodnia Lekarska\",\"description\":\"\",\"publisher\":{\"@id\":\"https:\\\/\\\/adma-med.pl\\\/#organization\"},\"potentialAction\":[{\"@type\":\"SearchAction\",\"target\":{\"@type\":\"EntryPoint\",\"urlTemplate\":\"https:\\\/\\\/adma-med.pl\\\/?s={search_term_string}\"},\"query-input\":{\"@type\":\"PropertyValueSpecification\",\"valueRequired\":true,\"valueName\":\"search_term_string\"}}],\"inLanguage\":\"pl-PL\"},{\"@type\":\"Organization\",\"@id\":\"https:\\\/\\\/adma-med.pl\\\/#organization\",\"name\":\"Adma-Med. Przychodnia Lekarska\",\"url\":\"https:\\\/\\\/adma-med.pl\\\/\",\"logo\":{\"@type\":\"ImageObject\",\"inLanguage\":\"pl-PL\",\"@id\":\"https:\\\/\\\/adma-med.pl\\\/#\\\/schema\\\/logo\\\/image\\\/\",\"url\":\"http:\\\/\\\/adma-med.pl\\\/wp-content\\\/uploads\\\/2021\\\/05\\\/cropped-logo_ok-01-01.png\",\"contentUrl\":\"http:\\\/\\\/adma-med.pl\\\/wp-content\\\/uploads\\\/2021\\\/05\\\/cropped-logo_ok-01-01.png\",\"width\":434,\"height\":434,\"caption\":\"Adma-Med. Przychodnia Lekarska\"},\"image\":{\"@id\":\"https:\\\/\\\/adma-med.pl\\\/#\\\/schema\\\/logo\\\/image\\\/\"},\"sameAs\":[\"https:\\\/\\\/www.facebook.com\\\/admagrybow\\\/\"]},{\"@type\":\"Person\",\"@id\":\"https:\\\/\\\/adma-med.pl\\\/#\\\/schema\\\/person\\\/fc6b840f48734c4cd235b89920a6a25a\",\"name\":\"lpolek\",\"image\":{\"@type\":\"ImageObject\",\"inLanguage\":\"pl-PL\",\"@id\":\"https:\\\/\\\/secure.gravatar.com\\\/avatar\\\/ce1bd04bee74fa66c1242d61f406f9ce3c25af979b99836d261a3dc7fde431bd?s=96&d=mm&r=g\",\"url\":\"https:\\\/\\\/secure.gravatar.com\\\/avatar\\\/ce1bd04bee74fa66c1242d61f406f9ce3c25af979b99836d261a3dc7fde431bd?s=96&d=mm&r=g\",\"contentUrl\":\"https:\\\/\\\/secure.gravatar.com\\\/avatar\\\/ce1bd04bee74fa66c1242d61f406f9ce3c25af979b99836d261a3dc7fde431bd?s=96&d=mm&r=g\",\"caption\":\"lpolek\"},\"url\":\"http:\\\/\\\/adma-med.pl\\\/index.php\\\/author\\\/lpolek\\\/\"}]}<\/script>\n<!-- \/ Yoast SEO plugin. -->","yoast_head_json":{"title":"Zaproszenie na Uroczysto\u015b\u0107 Wr\u0119czenia Sztandaru - Adma-Med. Przychodnia Lekarska","description":"Adma-Med. Przychodnia Lekarska Zaproszenie na Uroczysto\u015b\u0107 Wr\u0119czenia Sztandaru","robots":{"index":"index","follow":"follow","max-snippet":"max-snippet:-1","max-image-preview":"max-image-preview:large","max-video-preview":"max-video-preview:-1"},"canonical":"http:\/\/adma-med.pl\/index.php\/2024\/09\/10\/zaproszenie-na-uroczystosc-wreczenia-sztandaru\/","og_locale":"pl_PL","og_type":"article","og_title":"Zaproszenie na Uroczysto\u015b\u0107 Wr\u0119czenia Sztandaru - Adma-Med. Przychodnia Lekarska","og_description":"Adma-Med. Przychodnia Lekarska Zaproszenie na Uroczysto\u015b\u0107 Wr\u0119czenia Sztandaru","og_url":"http:\/\/adma-med.pl\/index.php\/2024\/09\/10\/zaproszenie-na-uroczystosc-wreczenia-sztandaru\/","og_site_name":"Adma-Med. Przychodnia Lekarska","article_publisher":"https:\/\/www.facebook.com\/admagrybow\/","article_published_time":"2024-09-10T22:00:17+00:00","article_modified_time":"2024-09-10T22:01:17+00:00","og_image":[{"width":1112,"height":1208,"url":"http:\/\/adma-med.pl\/wp-content\/uploads\/2024\/09\/WhatsApp-Image-2024-09-09-at-17.49.23-e1726005604662.jpeg","type":"image\/jpeg"}],"author":"lpolek","twitter_card":"summary_large_image","twitter_misc":{"Napisane przez":"lpolek","Szacowany czas czytania":"1 minuta"},"schema":{"@context":"https:\/\/schema.org","@graph":[{"@type":"Article","@id":"http:\/\/adma-med.pl\/index.php\/2024\/09\/10\/zaproszenie-na-uroczystosc-wreczenia-sztandaru\/#article","isPartOf":{"@id":"http:\/\/adma-med.pl\/index.php\/2024\/09\/10\/zaproszenie-na-uroczystosc-wreczenia-sztandaru\/"},"author":{"name":"lpolek","@id":"https:\/\/adma-med.pl\/#\/schema\/person\/fc6b840f48734c4cd235b89920a6a25a"},"headline":"Zaproszenie na Uroczysto\u015b\u0107 Wr\u0119czenia Sztandaru","datePublished":"2024-09-10T22:00:17+00:00","dateModified":"2024-09-10T22:01:17+00:00","mainEntityOfPage":{"@id":"http:\/\/adma-med.pl\/index.php\/2024\/09\/10\/zaproszenie-na-uroczystosc-wreczenia-sztandaru\/"},"wordCount":84,"publisher":{"@id":"https:\/\/adma-med.pl\/#organization"},"image":{"@id":"http:\/\/adma-med.pl\/index.php\/2024\/09\/10\/zaproszenie-na-uroczystosc-wreczenia-sztandaru\/#primaryimage"},"thumbnailUrl":"http:\/\/adma-med.pl\/wp-content\/uploads\/2024\/09\/WhatsApp-Image-2024-09-09-at-17.49.23-e1726005604662.jpeg","keywords":["akcja","grybow","HDK","krew"],"articleSection":["Uncategorized"],"inLanguage":"pl-PL"},{"@type":"WebPage","@id":"http:\/\/adma-med.pl\/index.php\/2024\/09\/10\/zaproszenie-na-uroczystosc-wreczenia-sztandaru\/","url":"http:\/\/adma-med.pl\/index.php\/2024\/09\/10\/zaproszenie-na-uroczystosc-wreczenia-sztandaru\/","name":"Zaproszenie na Uroczysto\u015b\u0107 Wr\u0119czenia Sztandaru - Adma-Med. Przychodnia Lekarska","isPartOf":{"@id":"https:\/\/adma-med.pl\/#website"},"primaryImageOfPage":{"@id":"http:\/\/adma-med.pl\/index.php\/2024\/09\/10\/zaproszenie-na-uroczystosc-wreczenia-sztandaru\/#primaryimage"},"image":{"@id":"http:\/\/adma-med.pl\/index.php\/2024\/09\/10\/zaproszenie-na-uroczystosc-wreczenia-sztandaru\/#primaryimage"},"thumbnailUrl":"http:\/\/adma-med.pl\/wp-content\/uploads\/2024\/09\/WhatsApp-Image-2024-09-09-at-17.49.23-e1726005604662.jpeg","datePublished":"2024-09-10T22:00:17+00:00","dateModified":"2024-09-10T22:01:17+00:00","description":"Adma-Med. Przychodnia Lekarska Zaproszenie na Uroczysto\u015b\u0107 Wr\u0119czenia Sztandaru","breadcrumb":{"@id":"http:\/\/adma-med.pl\/index.php\/2024\/09\/10\/zaproszenie-na-uroczystosc-wreczenia-sztandaru\/#breadcrumb"},"inLanguage":"pl-PL","potentialAction":[{"@type":"ReadAction","target":["http:\/\/adma-med.pl\/index.php\/2024\/09\/10\/zaproszenie-na-uroczystosc-wreczenia-sztandaru\/"]}]},{"@type":"ImageObject","inLanguage":"pl-PL","@id":"http:\/\/adma-med.pl\/index.php\/2024\/09\/10\/zaproszenie-na-uroczystosc-wreczenia-sztandaru\/#primaryimage","url":"http:\/\/adma-med.pl\/wp-content\/uploads\/2024\/09\/WhatsApp-Image-2024-09-09-at-17.49.23-e1726005604662.jpeg","contentUrl":"http:\/\/adma-med.pl\/wp-content\/uploads\/2024\/09\/WhatsApp-Image-2024-09-09-at-17.49.23-e1726005604662.jpeg","width":1112,"height":1208},{"@type":"BreadcrumbList","@id":"http:\/\/adma-med.pl\/index.php\/2024\/09\/10\/zaproszenie-na-uroczystosc-wreczenia-sztandaru\/#breadcrumb","itemListElement":[{"@type":"ListItem","position":1,"name":"Strona g\u0142\u00f3wna","item":"https:\/\/adma-med.pl\/"},{"@type":"ListItem","position":2,"name":"Zaproszenie na Uroczysto\u015b\u0107 Wr\u0119czenia Sztandaru"}]},{"@type":"WebSite","@id":"https:\/\/adma-med.pl\/#website","url":"https:\/\/adma-med.pl\/","name":"Adma-Med. Przychodnia Lekarska","description":"","publisher":{"@id":"https:\/\/adma-med.pl\/#organization"},"potentialAction":[{"@type":"SearchAction","target":{"@type":"EntryPoint","urlTemplate":"https:\/\/adma-med.pl\/?s={search_term_string}"},"query-input":{"@type":"PropertyValueSpecification","valueRequired":true,"valueName":"search_term_string"}}],"inLanguage":"pl-PL"},{"@type":"Organization","@id":"https:\/\/adma-med.pl\/#organization","name":"Adma-Med. Przychodnia Lekarska","url":"https:\/\/adma-med.pl\/","logo":{"@type":"ImageObject","inLanguage":"pl-PL","@id":"https:\/\/adma-med.pl\/#\/schema\/logo\/image\/","url":"http:\/\/adma-med.pl\/wp-content\/uploads\/2021\/05\/cropped-logo_ok-01-01.png","contentUrl":"http:\/\/adma-med.pl\/wp-content\/uploads\/2021\/05\/cropped-logo_ok-01-01.png","width":434,"height":434,"caption":"Adma-Med. Przychodnia Lekarska"},"image":{"@id":"https:\/\/adma-med.pl\/#\/schema\/logo\/image\/"},"sameAs":["https:\/\/www.facebook.com\/admagrybow\/"]},{"@type":"Person","@id":"https:\/\/adma-med.pl\/#\/schema\/person\/fc6b840f48734c4cd235b89920a6a25a","name":"lpolek","image":{"@type":"ImageObject","inLanguage":"pl-PL","@id":"https:\/\/secure.gravatar.com\/avatar\/ce1bd04bee74fa66c1242d61f406f9ce3c25af979b99836d261a3dc7fde431bd?s=96&d=mm&r=g","url":"https:\/\/secure.gravatar.com\/avatar\/ce1bd04bee74fa66c1242d61f406f9ce3c25af979b99836d261a3dc7fde431bd?s=96&d=mm&r=g","contentUrl":"https:\/\/secure.gravatar.com\/avatar\/ce1bd04bee74fa66c1242d61f406f9ce3c25af979b99836d261a3dc7fde431bd?s=96&d=mm&r=g","caption":"lpolek"},"url":"http:\/\/adma-med.pl\/index.php\/author\/lpolek\/"}]}},"jetpack_featured_media_url":"http:\/\/adma-med.pl\/wp-content\/uploads\/2024\/09\/WhatsApp-Image-2024-09-09-at-17.49.23-e1726005604662.jpeg","jetpack_sharing_enabled":true,"_links":{"self":[{"href":"http:\/\/adma-med.pl\/index.php\/wp-json\/wp\/v2\/posts\/3241","targetHints":{"allow":["GET"]}}],"collection":[{"href":"http:\/\/adma-med.pl\/index.php\/wp-json\/wp\/v2\/posts"}],"about":[{"href":"http:\/\/adma-med.pl\/index.php\/wp-json\/wp\/v2\/types\/post"}],"author":[{"embeddable":true,"href":"http:\/\/adma-med.pl\/index.php\/wp-json\/wp\/v2\/users\/1"}],"replies":[{"embeddable":true,"href":"http:\/\/adma-med.pl\/index.php\/wp-json\/wp\/v2\/comments?post=3241"}],"version-history":[{"count":2,"href":"http:\/\/adma-med.pl\/index.php\/wp-json\/wp\/v2\/posts\/3241\/revisions"}],"predecessor-version":[{"id":3245,"href":"http:\/\/adma-med.pl\/index.php\/wp-json\/wp\/v2\/posts\/3241\/revisions\/3245"}],"wp:featuredmedia":[{"embeddable":true,"href":"http:\/\/adma-med.pl\/index.php\/wp-json\/wp\/v2\/media\/3242"}],"wp:attachment":[{"href":"http:\/\/adma-med.pl\/index.php\/wp-json\/wp\/v2\/media?parent=3241"}],"wp:term":[{"taxonomy":"category","embeddable":true,"href":"http:\/\/adma-med.pl\/index.php\/wp-json\/wp\/v2\/categories?post=3241"},{"taxonomy":"post_tag","embeddable":true,"href":"http:\/\/adma-med.pl\/index.php\/wp-json\/wp\/v2\/tags?post=3241"}],"curies":[{"name":"wp","href":"https:\/\/api.w.org\/{rel}","templated":true}]}}