{"id":3030,"date":"2024-04-22T23:53:05","date_gmt":"2024-04-22T22:53:05","guid":{"rendered":"http:\/\/adma-med.pl\/?p=3030"},"modified":"2024-04-24T17:47:29","modified_gmt":"2024-04-24T16:47:29","slug":"fizjoterapeuta-w-adma-med","status":"publish","type":"post","link":"http:\/\/adma-med.pl\/index.php\/2024\/04\/22\/fizjoterapeuta-w-adma-med\/","title":{"rendered":"Fizjoterapeuta w Adma-Med"},"content":{"rendered":"\n<p><\/p>\n\n\n\n<p><img decoding=\"async\" height=\"16\" width=\"16\" src=\"https:\/\/static.xx.fbcdn.net\/images\/emoji.php\/v9\/t30\/1\/16\/1f514.png\" alt=\"\ud83d\udd14\"><img decoding=\"async\" height=\"16\" width=\"16\" src=\"https:\/\/static.xx.fbcdn.net\/images\/emoji.php\/v9\/t30\/1\/16\/1f514.png\" alt=\"\ud83d\udd14\"><img decoding=\"async\" height=\"16\" width=\"16\" src=\"https:\/\/static.xx.fbcdn.net\/images\/emoji.php\/v9\/t50\/1\/16\/2757.png\" alt=\"\u2757\ufe0f\"><img decoding=\"async\" height=\"16\" width=\"16\" src=\"https:\/\/static.xx.fbcdn.net\/images\/emoji.php\/v9\/t50\/1\/16\/2757.png\" alt=\"\u2757\ufe0f\">Fizjoterapeuta<img decoding=\"async\" height=\"16\" width=\"16\" src=\"https:\/\/static.xx.fbcdn.net\/images\/emoji.php\/v9\/t50\/1\/16\/2757.png\" alt=\"\u2757\ufe0f\"><img decoding=\"async\" height=\"16\" width=\"16\" src=\"https:\/\/static.xx.fbcdn.net\/images\/emoji.php\/v9\/t50\/1\/16\/2757.png\" alt=\"\u2757\ufe0f\"><img decoding=\"async\" height=\"16\" width=\"16\" src=\"https:\/\/static.xx.fbcdn.net\/images\/emoji.php\/v9\/t30\/1\/16\/1f514.png\" alt=\"\ud83d\udd14\"><img decoding=\"async\" height=\"16\" width=\"16\" src=\"https:\/\/static.xx.fbcdn.net\/images\/emoji.php\/v9\/t30\/1\/16\/1f514.png\" alt=\"\ud83d\udd14\"><\/p>\n\n\n\n<p>Mi\u0142o nam poinformowa\u0107, \u017ce od <img decoding=\"async\" height=\"16\" width=\"16\" alt=\"\ud83d\udcc5\" src=\"https:\/\/static.xx.fbcdn.net\/images\/emoji.php\/v9\/t7e\/1\/16\/1f4c5.png\">25 kwietnia w naszej przychodni leczy\u0107 b\u0119dzie fizjoterapeuta Pani Wioletta Por\u0119bska.<\/p>\n\n\n\n<p><img loading=\"lazy\" decoding=\"async\" height=\"16\" width=\"16\" alt=\"\ud83d\udc69\u200d\u2695\ufe0f\" src=\"https:\/\/static.xx.fbcdn.net\/images\/emoji.php\/v9\/t9d\/1\/16\/1f469_200d_2695.png\">Diagnoza oraz leczenie:<\/p>\n\n\n\n<p><img loading=\"lazy\" decoding=\"async\" height=\"16\" width=\"16\" alt=\"\u2705\" src=\"https:\/\/static.xx.fbcdn.net\/images\/emoji.php\/v9\/t33\/1\/16\/2705.png\">Urazy i przeci\u0105\u017cenia stawu barkowego<\/p>\n\n\n\n<p><a><\/a><img loading=\"lazy\" decoding=\"async\" height=\"16\" width=\"16\" alt=\"\u2705\" src=\"https:\/\/static.xx.fbcdn.net\/images\/emoji.php\/v9\/t33\/1\/16\/2705.png\">Choroby zwyrodnieniowe kr\u0119gos\u0142upa<\/p>\n\n\n\n<p><img loading=\"lazy\" decoding=\"async\" height=\"16\" width=\"16\" alt=\"\u2705\" src=\"https:\/\/static.xx.fbcdn.net\/images\/emoji.php\/v9\/t33\/1\/16\/2705.png\">Dyskopatie<\/p>\n\n\n\n<p><img loading=\"lazy\" decoding=\"async\" height=\"16\" width=\"16\" alt=\"\u2705\" src=\"https:\/\/static.xx.fbcdn.net\/images\/emoji.php\/v9\/t33\/1\/16\/2705.png\">Migreny<\/p>\n\n\n\n<p><img loading=\"lazy\" decoding=\"async\" height=\"16\" width=\"16\" alt=\"\u2705\" src=\"https:\/\/static.xx.fbcdn.net\/images\/emoji.php\/v9\/t33\/1\/16\/2705.png\">Bruksizm<\/p>\n\n\n\n<p><img loading=\"lazy\" decoding=\"async\" height=\"16\" width=\"16\" alt=\"\u2705\" src=\"https:\/\/static.xx.fbcdn.net\/images\/emoji.php\/v9\/t33\/1\/16\/2705.png\">Pora\u017cenie nerwu twarzowego<\/p>\n\n\n\n<p><img loading=\"lazy\" decoding=\"async\" height=\"16\" width=\"16\" alt=\"\u2705\" src=\"https:\/\/static.xx.fbcdn.net\/images\/emoji.php\/v9\/t33\/1\/16\/2705.png\">Urazy i przeci\u0105\u017cenia stawu kolanowego<\/p>\n\n\n\n<p><img loading=\"lazy\" decoding=\"async\" height=\"16\" width=\"16\" alt=\"\u2705\" src=\"https:\/\/static.xx.fbcdn.net\/images\/emoji.php\/v9\/t33\/1\/16\/2705.png\">Zespo\u0142y przeci\u0105\u017ceniowe<\/p>\n\n\n\n<p><img loading=\"lazy\" decoding=\"async\" height=\"16\" width=\"16\" alt=\"\u2705\" src=\"https:\/\/static.xx.fbcdn.net\/images\/emoji.php\/v9\/t33\/1\/16\/2705.png\">Szyjnopochodne b\u00f3le i zawroty g\u0142owy<\/p>\n\n\n\n<p>Zakres \u015bwiadczonych us\u0142ug:<\/p>\n\n\n\n<p><img loading=\"lazy\" decoding=\"async\" height=\"16\" width=\"16\" alt=\"\u2705\" src=\"https:\/\/static.xx.fbcdn.net\/images\/emoji.php\/v9\/t33\/1\/16\/2705.png\">Konsultacja fizjoterapeutyczna<\/p>\n\n\n\n<p><img loading=\"lazy\" decoding=\"async\" height=\"16\" width=\"16\" alt=\"\u2705\" src=\"https:\/\/static.xx.fbcdn.net\/images\/emoji.php\/v9\/t33\/1\/16\/2705.png\">Diagnostyka funkcjonalna<\/p>\n\n\n\n<p><img loading=\"lazy\" decoding=\"async\" height=\"16\" width=\"16\" alt=\"\u2705\" src=\"https:\/\/static.xx.fbcdn.net\/images\/emoji.php\/v9\/t33\/1\/16\/2705.png\">Terapia manualna<\/p>\n\n\n\n<p><img loading=\"lazy\" decoding=\"async\" height=\"16\" width=\"16\" alt=\"\u2705\" src=\"https:\/\/static.xx.fbcdn.net\/images\/emoji.php\/v9\/t33\/1\/16\/2705.png\">Terapia tkanek mi\u0119kkich<\/p>\n\n\n\n<p><img loading=\"lazy\" decoding=\"async\" height=\"16\" width=\"16\" alt=\"\u2705\" src=\"https:\/\/static.xx.fbcdn.net\/images\/emoji.php\/v9\/t33\/1\/16\/2705.png\">Kobido Therapy<\/p>\n\n\n\n<p><img loading=\"lazy\" decoding=\"async\" height=\"16\" width=\"16\" alt=\"\u2705\" src=\"https:\/\/static.xx.fbcdn.net\/images\/emoji.php\/v9\/t33\/1\/16\/2705.png\">Masa\u017c tkanek g\u0142\u0119bokich<\/p>\n\n\n\n<p><img loading=\"lazy\" decoding=\"async\" height=\"16\" width=\"16\" alt=\"\u2705\" src=\"https:\/\/static.xx.fbcdn.net\/images\/emoji.php\/v9\/t33\/1\/16\/2705.png\">Masa\u017c<\/p>\n\n\n\n<p><img loading=\"lazy\" decoding=\"async\" height=\"16\" width=\"16\" alt=\"\u2705\" src=\"https:\/\/static.xx.fbcdn.net\/images\/emoji.php\/v9\/t33\/1\/16\/2705.png\">Kinezyterapia<\/p>\n\n\n\n<p><img loading=\"lazy\" decoding=\"async\" height=\"16\" width=\"16\" alt=\"\u2705\" src=\"https:\/\/static.xx.fbcdn.net\/images\/emoji.php\/v9\/t33\/1\/16\/2705.png\">Kinesiotaping<\/p>\n\n\n\n<p>Zapraszamy .<\/p>\n\n\n\n<p>Rejestracja telefoniczna i online.<\/p>\n\n\n\n<p><img decoding=\"async\" height=\"16\" width=\"16\" alt=\"\ud83d\udcc5\" src=\"https:\/\/static.xx.fbcdn.net\/images\/emoji.php\/v9\/t7e\/1\/16\/1f4c5.png\"> 25.04.2024<\/p>\n\n\n\n<p><img loading=\"lazy\" decoding=\"async\" height=\"16\" width=\"16\" alt=\"\u260e\ufe0f\" src=\"https:\/\/static.xx.fbcdn.net\/images\/emoji.php\/v9\/t22\/1\/16\/260e.png\"> 18-445-06-79<\/p>\n\n\n\n<p><img loading=\"lazy\" decoding=\"async\" height=\"16\" width=\"16\" alt=\"\ud83d\udce8\" src=\"https:\/\/static.xx.fbcdn.net\/images\/emoji.php\/v9\/t3f\/1\/16\/1f4e8.png\"><a href=\"https:\/\/l.facebook.com\/l.php?u=http%3A%2F%2Fadma-med.pl%2F%3Ffbclid%3DIwZXh0bgNhZW0CMTAAAR0rb8gAvu-GZHA_QOepdfWIeRDwvJjaEZ_quuKmKAI7GGC-CHw0SjoAVIA_aem_AU7ybU-wno9liKbCnoxkMR_vgJaMV04H1K1ruVwncQnIXRkg1HWicmCIq0v_IhcOGcnYW0G4sGNROw9xngkyqxul&amp;h=AT2AaKWWo6fkhWY_vREQJMOYJjnFl-GU_uPBHon4AAzbdJpUYxqryBLQAdj0WgvjBJuyO48Tg-Yks3Q11NLJwlaNB8keI6ZVhki22ajvgwSdB5z3mqAtFUxW6EpSl6k58IRn&amp;__tn__=-UK-R&amp;c[0]=AT1d3i0JBwXbP0K0N0iIFZki0qX7wdpjXqGx_4x-OON_WjEo9R4QjZ7OEVP4nufj6-AGabYffeE3rD1cRknxYAjgquE7nPLNVaoykAqAL71gsqCuh9Mtc92k-Ui-MbW4NxStsdApdJNv3FmdNKAGdcvU_dHVxpHyQvcsknn8bO_GPoAqcKrg2rRO1u9XT27Hg5vbwatDlC8d6jX4ZywZpODG1fcL7iN8e8M3\" rel=\"noreferrer noopener\" target=\"_blank\">http:\/\/adma-med.pl<\/a><\/p>\n\n\n\n<p><img loading=\"lazy\" decoding=\"async\" height=\"16\" width=\"16\" alt=\"\ud83d\udccc\" src=\"https:\/\/static.xx.fbcdn.net\/images\/emoji.php\/v9\/tac\/1\/16\/1f4cc.png\">Adma-Med, ul. Grunwaldzka 36, 33-330 Gryb\u00f3w<\/p>\n","protected":false},"excerpt":{"rendered":"<p>Fizjoterapeuta Mi\u0142o nam poinformowa\u0107, \u017ce od 25 kwietnia w naszej przychodni leczy\u0107 b\u0119dzie fizjoterapeuta Pani Wioletta Por\u0119bska. Diagnoza oraz leczenie: Urazy i przeci\u0105\u017cenia stawu barkowego Choroby zwyrodnieniowe kr\u0119gos\u0142upa Dyskopatie Migreny Bruksizm Pora\u017cenie nerwu twarzowego Urazy i przeci\u0105\u017cenia stawu kolanowego Zespo\u0142y przeci\u0105\u017ceniowe Szyjnopochodne b\u00f3le i zawroty g\u0142owy Zakres \u015bwiadczonych us\u0142ug: Konsultacja fizjoterapeutyczna Diagnostyka funkcjonalna Terapia manualna&hellip; <\/p>\n","protected":false},"author":1,"featured_media":3031,"comment_status":"closed","ping_status":"closed","sticky":false,"template":"","format":"standard","meta":{"_monsterinsights_skip_tracking":false,"_monsterinsights_sitenote_active":false,"_monsterinsights_sitenote_note":"","_monsterinsights_sitenote_category":0,"cybocfi_hide_featured_image":"","_jetpack_memberships_contains_paid_content":false,"footnotes":""},"categories":[1],"tags":[146,145],"class_list":["post-3030","post","type-post","status-publish","format-standard","has-post-thumbnail","hentry","category-uncategorized","tag-fizjoterapia","tag-grybow-2"],"yoast_head":"<!-- This site is optimized with the Yoast SEO plugin v27.4 - https:\/\/yoast.com\/product\/yoast-seo-wordpress\/ -->\n<title>Fizjoterapeuta w Adma-Med - Adma-Med. Przychodnia Lekarska<\/title>\n<meta name=\"robots\" content=\"index, follow, max-snippet:-1, max-image-preview:large, max-video-preview:-1\" \/>\n<link rel=\"canonical\" href=\"https:\/\/adma-med.pl\/index.php\/2024\/04\/22\/fizjoterapeuta-w-adma-med\/\" \/>\n<meta property=\"og:locale\" content=\"pl_PL\" \/>\n<meta property=\"og:type\" content=\"article\" \/>\n<meta property=\"og:title\" content=\"Fizjoterapeuta w Adma-Med - Adma-Med. Przychodnia Lekarska\" \/>\n<meta property=\"og:description\" content=\"Fizjoterapeuta Mi\u0142o nam poinformowa\u0107, \u017ce od 25 kwietnia w naszej przychodni leczy\u0107 b\u0119dzie fizjoterapeuta Pani Wioletta Por\u0119bska. Diagnoza oraz leczenie: Urazy i przeci\u0105\u017cenia stawu barkowego Choroby zwyrodnieniowe kr\u0119gos\u0142upa Dyskopatie Migreny Bruksizm Pora\u017cenie nerwu twarzowego Urazy i przeci\u0105\u017cenia stawu kolanowego Zespo\u0142y przeci\u0105\u017ceniowe Szyjnopochodne b\u00f3le i zawroty g\u0142owy Zakres \u015bwiadczonych us\u0142ug: Konsultacja fizjoterapeutyczna Diagnostyka funkcjonalna Terapia manualna&hellip;\" \/>\n<meta property=\"og:url\" content=\"https:\/\/adma-med.pl\/index.php\/2024\/04\/22\/fizjoterapeuta-w-adma-med\/\" \/>\n<meta property=\"og:site_name\" content=\"Adma-Med. Przychodnia Lekarska\" \/>\n<meta property=\"article:publisher\" content=\"https:\/\/www.facebook.com\/admagrybow\/\" \/>\n<meta property=\"article:published_time\" content=\"2024-04-22T22:53:05+00:00\" \/>\n<meta property=\"article:modified_time\" content=\"2024-04-24T16:47:29+00:00\" \/>\n<meta property=\"og:image\" content=\"https:\/\/adma-med.pl\/wp-content\/uploads\/2024\/04\/fizjoterapia1.jpg\" \/>\n\t<meta property=\"og:image:width\" content=\"958\" \/>\n\t<meta property=\"og:image:height\" content=\"948\" \/>\n\t<meta property=\"og:image:type\" content=\"image\/jpeg\" \/>\n<meta name=\"author\" content=\"lpolek\" \/>\n<meta name=\"twitter:card\" content=\"summary_large_image\" \/>\n<meta name=\"twitter:label1\" content=\"Napisane przez\" \/>\n\t<meta name=\"twitter:data1\" content=\"lpolek\" \/>\n<script type=\"application\/ld+json\" class=\"yoast-schema-graph\">{\"@context\":\"https:\\\/\\\/schema.org\",\"@graph\":[{\"@type\":\"Article\",\"@id\":\"https:\\\/\\\/adma-med.pl\\\/index.php\\\/2024\\\/04\\\/22\\\/fizjoterapeuta-w-adma-med\\\/#article\",\"isPartOf\":{\"@id\":\"https:\\\/\\\/adma-med.pl\\\/index.php\\\/2024\\\/04\\\/22\\\/fizjoterapeuta-w-adma-med\\\/\"},\"author\":{\"name\":\"lpolek\",\"@id\":\"https:\\\/\\\/adma-med.pl\\\/#\\\/schema\\\/person\\\/fc6b840f48734c4cd235b89920a6a25a\"},\"headline\":\"Fizjoterapeuta w Adma-Med\",\"datePublished\":\"2024-04-22T22:53:05+00:00\",\"dateModified\":\"2024-04-24T16:47:29+00:00\",\"mainEntityOfPage\":{\"@id\":\"https:\\\/\\\/adma-med.pl\\\/index.php\\\/2024\\\/04\\\/22\\\/fizjoterapeuta-w-adma-med\\\/\"},\"wordCount\":100,\"publisher\":{\"@id\":\"https:\\\/\\\/adma-med.pl\\\/#organization\"},\"image\":{\"@id\":\"https:\\\/\\\/adma-med.pl\\\/index.php\\\/2024\\\/04\\\/22\\\/fizjoterapeuta-w-adma-med\\\/#primaryimage\"},\"thumbnailUrl\":\"http:\\\/\\\/adma-med.pl\\\/wp-content\\\/uploads\\\/2024\\\/04\\\/fizjoterapia1.jpg\",\"keywords\":[\"fizjoterapia\",\"grybow\"],\"articleSection\":[\"Uncategorized\"],\"inLanguage\":\"pl-PL\"},{\"@type\":\"WebPage\",\"@id\":\"https:\\\/\\\/adma-med.pl\\\/index.php\\\/2024\\\/04\\\/22\\\/fizjoterapeuta-w-adma-med\\\/\",\"url\":\"https:\\\/\\\/adma-med.pl\\\/index.php\\\/2024\\\/04\\\/22\\\/fizjoterapeuta-w-adma-med\\\/\",\"name\":\"Fizjoterapeuta w Adma-Med - Adma-Med. Przychodnia Lekarska\",\"isPartOf\":{\"@id\":\"https:\\\/\\\/adma-med.pl\\\/#website\"},\"primaryImageOfPage\":{\"@id\":\"https:\\\/\\\/adma-med.pl\\\/index.php\\\/2024\\\/04\\\/22\\\/fizjoterapeuta-w-adma-med\\\/#primaryimage\"},\"image\":{\"@id\":\"https:\\\/\\\/adma-med.pl\\\/index.php\\\/2024\\\/04\\\/22\\\/fizjoterapeuta-w-adma-med\\\/#primaryimage\"},\"thumbnailUrl\":\"http:\\\/\\\/adma-med.pl\\\/wp-content\\\/uploads\\\/2024\\\/04\\\/fizjoterapia1.jpg\",\"datePublished\":\"2024-04-22T22:53:05+00:00\",\"dateModified\":\"2024-04-24T16:47:29+00:00\",\"breadcrumb\":{\"@id\":\"https:\\\/\\\/adma-med.pl\\\/index.php\\\/2024\\\/04\\\/22\\\/fizjoterapeuta-w-adma-med\\\/#breadcrumb\"},\"inLanguage\":\"pl-PL\",\"potentialAction\":[{\"@type\":\"ReadAction\",\"target\":[\"https:\\\/\\\/adma-med.pl\\\/index.php\\\/2024\\\/04\\\/22\\\/fizjoterapeuta-w-adma-med\\\/\"]}]},{\"@type\":\"ImageObject\",\"inLanguage\":\"pl-PL\",\"@id\":\"https:\\\/\\\/adma-med.pl\\\/index.php\\\/2024\\\/04\\\/22\\\/fizjoterapeuta-w-adma-med\\\/#primaryimage\",\"url\":\"http:\\\/\\\/adma-med.pl\\\/wp-content\\\/uploads\\\/2024\\\/04\\\/fizjoterapia1.jpg\",\"contentUrl\":\"http:\\\/\\\/adma-med.pl\\\/wp-content\\\/uploads\\\/2024\\\/04\\\/fizjoterapia1.jpg\",\"width\":958,\"height\":948},{\"@type\":\"BreadcrumbList\",\"@id\":\"https:\\\/\\\/adma-med.pl\\\/index.php\\\/2024\\\/04\\\/22\\\/fizjoterapeuta-w-adma-med\\\/#breadcrumb\",\"itemListElement\":[{\"@type\":\"ListItem\",\"position\":1,\"name\":\"Strona g\u0142\u00f3wna\",\"item\":\"https:\\\/\\\/adma-med.pl\\\/\"},{\"@type\":\"ListItem\",\"position\":2,\"name\":\"Fizjoterapeuta w Adma-Med\"}]},{\"@type\":\"WebSite\",\"@id\":\"https:\\\/\\\/adma-med.pl\\\/#website\",\"url\":\"https:\\\/\\\/adma-med.pl\\\/\",\"name\":\"Adma-Med. Przychodnia Lekarska\",\"description\":\"\",\"publisher\":{\"@id\":\"https:\\\/\\\/adma-med.pl\\\/#organization\"},\"potentialAction\":[{\"@type\":\"SearchAction\",\"target\":{\"@type\":\"EntryPoint\",\"urlTemplate\":\"https:\\\/\\\/adma-med.pl\\\/?s={search_term_string}\"},\"query-input\":{\"@type\":\"PropertyValueSpecification\",\"valueRequired\":true,\"valueName\":\"search_term_string\"}}],\"inLanguage\":\"pl-PL\"},{\"@type\":\"Organization\",\"@id\":\"https:\\\/\\\/adma-med.pl\\\/#organization\",\"name\":\"Adma-Med. Przychodnia Lekarska\",\"url\":\"https:\\\/\\\/adma-med.pl\\\/\",\"logo\":{\"@type\":\"ImageObject\",\"inLanguage\":\"pl-PL\",\"@id\":\"https:\\\/\\\/adma-med.pl\\\/#\\\/schema\\\/logo\\\/image\\\/\",\"url\":\"http:\\\/\\\/adma-med.pl\\\/wp-content\\\/uploads\\\/2021\\\/05\\\/cropped-logo_ok-01-01.png\",\"contentUrl\":\"http:\\\/\\\/adma-med.pl\\\/wp-content\\\/uploads\\\/2021\\\/05\\\/cropped-logo_ok-01-01.png\",\"width\":434,\"height\":434,\"caption\":\"Adma-Med. Przychodnia Lekarska\"},\"image\":{\"@id\":\"https:\\\/\\\/adma-med.pl\\\/#\\\/schema\\\/logo\\\/image\\\/\"},\"sameAs\":[\"https:\\\/\\\/www.facebook.com\\\/admagrybow\\\/\"]},{\"@type\":\"Person\",\"@id\":\"https:\\\/\\\/adma-med.pl\\\/#\\\/schema\\\/person\\\/fc6b840f48734c4cd235b89920a6a25a\",\"name\":\"lpolek\",\"image\":{\"@type\":\"ImageObject\",\"inLanguage\":\"pl-PL\",\"@id\":\"https:\\\/\\\/secure.gravatar.com\\\/avatar\\\/ce1bd04bee74fa66c1242d61f406f9ce3c25af979b99836d261a3dc7fde431bd?s=96&d=mm&r=g\",\"url\":\"https:\\\/\\\/secure.gravatar.com\\\/avatar\\\/ce1bd04bee74fa66c1242d61f406f9ce3c25af979b99836d261a3dc7fde431bd?s=96&d=mm&r=g\",\"contentUrl\":\"https:\\\/\\\/secure.gravatar.com\\\/avatar\\\/ce1bd04bee74fa66c1242d61f406f9ce3c25af979b99836d261a3dc7fde431bd?s=96&d=mm&r=g\",\"caption\":\"lpolek\"},\"url\":\"http:\\\/\\\/adma-med.pl\\\/index.php\\\/author\\\/lpolek\\\/\"}]}<\/script>\n<!-- \/ Yoast SEO plugin. -->","yoast_head_json":{"title":"Fizjoterapeuta w Adma-Med - Adma-Med. Przychodnia Lekarska","robots":{"index":"index","follow":"follow","max-snippet":"max-snippet:-1","max-image-preview":"max-image-preview:large","max-video-preview":"max-video-preview:-1"},"canonical":"https:\/\/adma-med.pl\/index.php\/2024\/04\/22\/fizjoterapeuta-w-adma-med\/","og_locale":"pl_PL","og_type":"article","og_title":"Fizjoterapeuta w Adma-Med - Adma-Med. Przychodnia Lekarska","og_description":"Fizjoterapeuta Mi\u0142o nam poinformowa\u0107, \u017ce od 25 kwietnia w naszej przychodni leczy\u0107 b\u0119dzie fizjoterapeuta Pani Wioletta Por\u0119bska. Diagnoza oraz leczenie: Urazy i przeci\u0105\u017cenia stawu barkowego Choroby zwyrodnieniowe kr\u0119gos\u0142upa Dyskopatie Migreny Bruksizm Pora\u017cenie nerwu twarzowego Urazy i przeci\u0105\u017cenia stawu kolanowego Zespo\u0142y przeci\u0105\u017ceniowe Szyjnopochodne b\u00f3le i zawroty g\u0142owy Zakres \u015bwiadczonych us\u0142ug: Konsultacja fizjoterapeutyczna Diagnostyka funkcjonalna Terapia manualna&hellip;","og_url":"https:\/\/adma-med.pl\/index.php\/2024\/04\/22\/fizjoterapeuta-w-adma-med\/","og_site_name":"Adma-Med. Przychodnia Lekarska","article_publisher":"https:\/\/www.facebook.com\/admagrybow\/","article_published_time":"2024-04-22T22:53:05+00:00","article_modified_time":"2024-04-24T16:47:29+00:00","og_image":[{"width":958,"height":948,"url":"https:\/\/adma-med.pl\/wp-content\/uploads\/2024\/04\/fizjoterapia1.jpg","type":"image\/jpeg"}],"author":"lpolek","twitter_card":"summary_large_image","twitter_misc":{"Napisane przez":"lpolek"},"schema":{"@context":"https:\/\/schema.org","@graph":[{"@type":"Article","@id":"https:\/\/adma-med.pl\/index.php\/2024\/04\/22\/fizjoterapeuta-w-adma-med\/#article","isPartOf":{"@id":"https:\/\/adma-med.pl\/index.php\/2024\/04\/22\/fizjoterapeuta-w-adma-med\/"},"author":{"name":"lpolek","@id":"https:\/\/adma-med.pl\/#\/schema\/person\/fc6b840f48734c4cd235b89920a6a25a"},"headline":"Fizjoterapeuta w Adma-Med","datePublished":"2024-04-22T22:53:05+00:00","dateModified":"2024-04-24T16:47:29+00:00","mainEntityOfPage":{"@id":"https:\/\/adma-med.pl\/index.php\/2024\/04\/22\/fizjoterapeuta-w-adma-med\/"},"wordCount":100,"publisher":{"@id":"https:\/\/adma-med.pl\/#organization"},"image":{"@id":"https:\/\/adma-med.pl\/index.php\/2024\/04\/22\/fizjoterapeuta-w-adma-med\/#primaryimage"},"thumbnailUrl":"http:\/\/adma-med.pl\/wp-content\/uploads\/2024\/04\/fizjoterapia1.jpg","keywords":["fizjoterapia","grybow"],"articleSection":["Uncategorized"],"inLanguage":"pl-PL"},{"@type":"WebPage","@id":"https:\/\/adma-med.pl\/index.php\/2024\/04\/22\/fizjoterapeuta-w-adma-med\/","url":"https:\/\/adma-med.pl\/index.php\/2024\/04\/22\/fizjoterapeuta-w-adma-med\/","name":"Fizjoterapeuta w Adma-Med - Adma-Med. Przychodnia Lekarska","isPartOf":{"@id":"https:\/\/adma-med.pl\/#website"},"primaryImageOfPage":{"@id":"https:\/\/adma-med.pl\/index.php\/2024\/04\/22\/fizjoterapeuta-w-adma-med\/#primaryimage"},"image":{"@id":"https:\/\/adma-med.pl\/index.php\/2024\/04\/22\/fizjoterapeuta-w-adma-med\/#primaryimage"},"thumbnailUrl":"http:\/\/adma-med.pl\/wp-content\/uploads\/2024\/04\/fizjoterapia1.jpg","datePublished":"2024-04-22T22:53:05+00:00","dateModified":"2024-04-24T16:47:29+00:00","breadcrumb":{"@id":"https:\/\/adma-med.pl\/index.php\/2024\/04\/22\/fizjoterapeuta-w-adma-med\/#breadcrumb"},"inLanguage":"pl-PL","potentialAction":[{"@type":"ReadAction","target":["https:\/\/adma-med.pl\/index.php\/2024\/04\/22\/fizjoterapeuta-w-adma-med\/"]}]},{"@type":"ImageObject","inLanguage":"pl-PL","@id":"https:\/\/adma-med.pl\/index.php\/2024\/04\/22\/fizjoterapeuta-w-adma-med\/#primaryimage","url":"http:\/\/adma-med.pl\/wp-content\/uploads\/2024\/04\/fizjoterapia1.jpg","contentUrl":"http:\/\/adma-med.pl\/wp-content\/uploads\/2024\/04\/fizjoterapia1.jpg","width":958,"height":948},{"@type":"BreadcrumbList","@id":"https:\/\/adma-med.pl\/index.php\/2024\/04\/22\/fizjoterapeuta-w-adma-med\/#breadcrumb","itemListElement":[{"@type":"ListItem","position":1,"name":"Strona g\u0142\u00f3wna","item":"https:\/\/adma-med.pl\/"},{"@type":"ListItem","position":2,"name":"Fizjoterapeuta w Adma-Med"}]},{"@type":"WebSite","@id":"https:\/\/adma-med.pl\/#website","url":"https:\/\/adma-med.pl\/","name":"Adma-Med. Przychodnia Lekarska","description":"","publisher":{"@id":"https:\/\/adma-med.pl\/#organization"},"potentialAction":[{"@type":"SearchAction","target":{"@type":"EntryPoint","urlTemplate":"https:\/\/adma-med.pl\/?s={search_term_string}"},"query-input":{"@type":"PropertyValueSpecification","valueRequired":true,"valueName":"search_term_string"}}],"inLanguage":"pl-PL"},{"@type":"Organization","@id":"https:\/\/adma-med.pl\/#organization","name":"Adma-Med. Przychodnia Lekarska","url":"https:\/\/adma-med.pl\/","logo":{"@type":"ImageObject","inLanguage":"pl-PL","@id":"https:\/\/adma-med.pl\/#\/schema\/logo\/image\/","url":"http:\/\/adma-med.pl\/wp-content\/uploads\/2021\/05\/cropped-logo_ok-01-01.png","contentUrl":"http:\/\/adma-med.pl\/wp-content\/uploads\/2021\/05\/cropped-logo_ok-01-01.png","width":434,"height":434,"caption":"Adma-Med. Przychodnia Lekarska"},"image":{"@id":"https:\/\/adma-med.pl\/#\/schema\/logo\/image\/"},"sameAs":["https:\/\/www.facebook.com\/admagrybow\/"]},{"@type":"Person","@id":"https:\/\/adma-med.pl\/#\/schema\/person\/fc6b840f48734c4cd235b89920a6a25a","name":"lpolek","image":{"@type":"ImageObject","inLanguage":"pl-PL","@id":"https:\/\/secure.gravatar.com\/avatar\/ce1bd04bee74fa66c1242d61f406f9ce3c25af979b99836d261a3dc7fde431bd?s=96&d=mm&r=g","url":"https:\/\/secure.gravatar.com\/avatar\/ce1bd04bee74fa66c1242d61f406f9ce3c25af979b99836d261a3dc7fde431bd?s=96&d=mm&r=g","contentUrl":"https:\/\/secure.gravatar.com\/avatar\/ce1bd04bee74fa66c1242d61f406f9ce3c25af979b99836d261a3dc7fde431bd?s=96&d=mm&r=g","caption":"lpolek"},"url":"http:\/\/adma-med.pl\/index.php\/author\/lpolek\/"}]}},"jetpack_featured_media_url":"http:\/\/adma-med.pl\/wp-content\/uploads\/2024\/04\/fizjoterapia1.jpg","jetpack_sharing_enabled":true,"_links":{"self":[{"href":"http:\/\/adma-med.pl\/index.php\/wp-json\/wp\/v2\/posts\/3030","targetHints":{"allow":["GET"]}}],"collection":[{"href":"http:\/\/adma-med.pl\/index.php\/wp-json\/wp\/v2\/posts"}],"about":[{"href":"http:\/\/adma-med.pl\/index.php\/wp-json\/wp\/v2\/types\/post"}],"author":[{"embeddable":true,"href":"http:\/\/adma-med.pl\/index.php\/wp-json\/wp\/v2\/users\/1"}],"replies":[{"embeddable":true,"href":"http:\/\/adma-med.pl\/index.php\/wp-json\/wp\/v2\/comments?post=3030"}],"version-history":[{"count":2,"href":"http:\/\/adma-med.pl\/index.php\/wp-json\/wp\/v2\/posts\/3030\/revisions"}],"predecessor-version":[{"id":3042,"href":"http:\/\/adma-med.pl\/index.php\/wp-json\/wp\/v2\/posts\/3030\/revisions\/3042"}],"wp:featuredmedia":[{"embeddable":true,"href":"http:\/\/adma-med.pl\/index.php\/wp-json\/wp\/v2\/media\/3031"}],"wp:attachment":[{"href":"http:\/\/adma-med.pl\/index.php\/wp-json\/wp\/v2\/media?parent=3030"}],"wp:term":[{"taxonomy":"category","embeddable":true,"href":"http:\/\/adma-med.pl\/index.php\/wp-json\/wp\/v2\/categories?post=3030"},{"taxonomy":"post_tag","embeddable":true,"href":"http:\/\/adma-med.pl\/index.php\/wp-json\/wp\/v2\/tags?post=3030"}],"curies":[{"name":"wp","href":"https:\/\/api.w.org\/{rel}","templated":true}]}}