{"id":3027,"date":"2024-04-22T23:50:17","date_gmt":"2024-04-22T22:50:17","guid":{"rendered":"http:\/\/adma-med.pl\/?p=3027"},"modified":"2024-04-22T23:50:19","modified_gmt":"2024-04-22T22:50:19","slug":"logopeda-w-adma-med","status":"publish","type":"post","link":"http:\/\/adma-med.pl\/index.php\/2024\/04\/22\/logopeda-w-adma-med\/","title":{"rendered":"Logopeda w Adma-Med"},"content":{"rendered":"\n<p><img decoding=\"async\" height=\"16\" width=\"16\" alt=\"\ud83d\udd14\" src=\"https:\/\/static.xx.fbcdn.net\/images\/emoji.php\/v9\/t30\/1\/16\/1f514.png\"><img decoding=\"async\" height=\"16\" width=\"16\" alt=\"\ud83d\udd14\" src=\"https:\/\/static.xx.fbcdn.net\/images\/emoji.php\/v9\/t30\/1\/16\/1f514.png\"><img decoding=\"async\" height=\"16\" width=\"16\" alt=\"\u2757\ufe0f\" src=\"https:\/\/static.xx.fbcdn.net\/images\/emoji.php\/v9\/t50\/1\/16\/2757.png\"><img decoding=\"async\" height=\"16\" width=\"16\" alt=\"\u2757\ufe0f\" src=\"https:\/\/static.xx.fbcdn.net\/images\/emoji.php\/v9\/t50\/1\/16\/2757.png\">Logopeda<img decoding=\"async\" height=\"16\" width=\"16\" alt=\"\u2757\ufe0f\" src=\"https:\/\/static.xx.fbcdn.net\/images\/emoji.php\/v9\/t50\/1\/16\/2757.png\"><img decoding=\"async\" height=\"16\" width=\"16\" alt=\"\u2757\ufe0f\" src=\"https:\/\/static.xx.fbcdn.net\/images\/emoji.php\/v9\/t50\/1\/16\/2757.png\"><img decoding=\"async\" height=\"16\" width=\"16\" alt=\"\ud83d\udd14\" src=\"https:\/\/static.xx.fbcdn.net\/images\/emoji.php\/v9\/t30\/1\/16\/1f514.png\"><img decoding=\"async\" height=\"16\" width=\"16\" alt=\"\ud83d\udd14\" src=\"https:\/\/static.xx.fbcdn.net\/images\/emoji.php\/v9\/t30\/1\/16\/1f514.png\"><\/p>\n\n\n\n<p>Mi\u0142o nam poinformowa\u0107, \u017ce od <img decoding=\"async\" height=\"16\" width=\"16\" alt=\"\ud83d\udcc5\" src=\"https:\/\/static.xx.fbcdn.net\/images\/emoji.php\/v9\/t7e\/1\/16\/1f4c5.png\">7 maja w naszej przychodni przyjmowa\u0107 b\u0119dzie Pani mgr Joanna Bukowska.<\/p>\n\n\n\n<p>Pani Joanna od 8 lat pracuje z dzie\u0107mi<\/p>\n\n\n\n<p>w wieku od 2 do 10 lat. W pracy specjalizuje si\u0119 przede<\/p>\n\n\n\n<p><a><\/a>wszystkim w terapii wad wymowy oraz praca z op\u00f3\u017anionym rozwojem mowy.<\/p>\n\n\n\n<p>Je\u017celi twoje dziecko ma:<\/p>\n\n\n\n<p>\u2713 trudno\u015bci podczas ssania piersi lub butelki<\/p>\n\n\n\n<p>\u2713 trudno\u015bci z rozsze\u017ceniem diety<\/p>\n\n\n\n<p>\u2713 notorycznie otwiera buzi\u0119<\/p>\n\n\n\n<p>\u2713 trudno\u015bci z odstawieniem smoczka<\/p>\n\n\n\n<p>\u2713 trudno\u015bci w m\u00f3wieniu w wieku powy\u017cej 2 lat<\/p>\n\n\n\n<p>\u2713 nadmierne si\u0119 \u015blini<\/p>\n\n\n\n<p>\u2713 nieprawid\u0142owo wymowia g\u0142oski<\/p>\n\n\n\n<p>\u2713 ma inne nieprawid\u0142owo\u015bci wymowy<\/p>\n\n\n\n<p>Zapraszamy .<\/p>\n\n\n\n<p>Rejestracja telefoniczna i online.<\/p>\n","protected":false},"excerpt":{"rendered":"<p>Logopeda Mi\u0142o nam poinformowa\u0107, \u017ce od 7 maja w naszej przychodni przyjmowa\u0107 b\u0119dzie Pani mgr Joanna Bukowska. Pani Joanna od 8 lat pracuje z dzie\u0107mi w wieku od 2 do 10 lat. W pracy specjalizuje si\u0119 przede wszystkim w terapii wad wymowy oraz praca z op\u00f3\u017anionym rozwojem mowy. Je\u017celi twoje dziecko ma: \u2713 trudno\u015bci podczas&hellip; <\/p>\n","protected":false},"author":1,"featured_media":3028,"comment_status":"closed","ping_status":"closed","sticky":false,"template":"","format":"standard","meta":{"_monsterinsights_skip_tracking":false,"_monsterinsights_sitenote_active":false,"_monsterinsights_sitenote_note":"","_monsterinsights_sitenote_category":0,"cybocfi_hide_featured_image":"","_jetpack_memberships_contains_paid_content":false,"footnotes":""},"categories":[1],"tags":[145,144],"class_list":["post-3027","post","type-post","status-publish","format-standard","has-post-thumbnail","hentry","category-uncategorized","tag-grybow-2","tag-logopeda"],"yoast_head":"<!-- This site is optimized with the Yoast SEO plugin v27.4 - https:\/\/yoast.com\/product\/yoast-seo-wordpress\/ -->\n<title>Logopeda w Adma-Med - Adma-Med. Przychodnia Lekarska<\/title>\n<meta name=\"robots\" content=\"index, follow, max-snippet:-1, max-image-preview:large, max-video-preview:-1\" \/>\n<link rel=\"canonical\" href=\"https:\/\/adma-med.pl\/index.php\/2024\/04\/22\/logopeda-w-adma-med\/\" \/>\n<meta property=\"og:locale\" content=\"pl_PL\" \/>\n<meta property=\"og:type\" content=\"article\" \/>\n<meta property=\"og:title\" content=\"Logopeda w Adma-Med - Adma-Med. Przychodnia Lekarska\" \/>\n<meta property=\"og:description\" content=\"Logopeda Mi\u0142o nam poinformowa\u0107, \u017ce od 7 maja w naszej przychodni przyjmowa\u0107 b\u0119dzie Pani mgr Joanna Bukowska. Pani Joanna od 8 lat pracuje z dzie\u0107mi w wieku od 2 do 10 lat. W pracy specjalizuje si\u0119 przede wszystkim w terapii wad wymowy oraz praca z op\u00f3\u017anionym rozwojem mowy. Je\u017celi twoje dziecko ma: \u2713 trudno\u015bci podczas&hellip;\" \/>\n<meta property=\"og:url\" content=\"https:\/\/adma-med.pl\/index.php\/2024\/04\/22\/logopeda-w-adma-med\/\" \/>\n<meta property=\"og:site_name\" content=\"Adma-Med. Przychodnia Lekarska\" \/>\n<meta property=\"article:publisher\" content=\"https:\/\/www.facebook.com\/admagrybow\/\" \/>\n<meta property=\"article:published_time\" content=\"2024-04-22T22:50:17+00:00\" \/>\n<meta property=\"article:modified_time\" content=\"2024-04-22T22:50:19+00:00\" \/>\n<meta property=\"og:image\" content=\"https:\/\/adma-med.pl\/wp-content\/uploads\/2024\/04\/logopeda-www.jpg\" \/>\n\t<meta property=\"og:image:width\" content=\"2384\" \/>\n\t<meta property=\"og:image:height\" content=\"1684\" \/>\n\t<meta property=\"og:image:type\" content=\"image\/jpeg\" \/>\n<meta name=\"author\" content=\"lpolek\" \/>\n<meta name=\"twitter:card\" content=\"summary_large_image\" \/>\n<meta name=\"twitter:label1\" content=\"Napisane przez\" \/>\n\t<meta name=\"twitter:data1\" content=\"lpolek\" \/>\n\t<meta name=\"twitter:label2\" content=\"Szacowany czas czytania\" \/>\n\t<meta name=\"twitter:data2\" content=\"1 minuta\" \/>\n<script type=\"application\/ld+json\" class=\"yoast-schema-graph\">{\"@context\":\"https:\\\/\\\/schema.org\",\"@graph\":[{\"@type\":\"Article\",\"@id\":\"https:\\\/\\\/adma-med.pl\\\/index.php\\\/2024\\\/04\\\/22\\\/logopeda-w-adma-med\\\/#article\",\"isPartOf\":{\"@id\":\"https:\\\/\\\/adma-med.pl\\\/index.php\\\/2024\\\/04\\\/22\\\/logopeda-w-adma-med\\\/\"},\"author\":{\"name\":\"lpolek\",\"@id\":\"https:\\\/\\\/adma-med.pl\\\/#\\\/schema\\\/person\\\/fc6b840f48734c4cd235b89920a6a25a\"},\"headline\":\"Logopeda w Adma-Med\",\"datePublished\":\"2024-04-22T22:50:17+00:00\",\"dateModified\":\"2024-04-22T22:50:19+00:00\",\"mainEntityOfPage\":{\"@id\":\"https:\\\/\\\/adma-med.pl\\\/index.php\\\/2024\\\/04\\\/22\\\/logopeda-w-adma-med\\\/\"},\"wordCount\":106,\"publisher\":{\"@id\":\"https:\\\/\\\/adma-med.pl\\\/#organization\"},\"image\":{\"@id\":\"https:\\\/\\\/adma-med.pl\\\/index.php\\\/2024\\\/04\\\/22\\\/logopeda-w-adma-med\\\/#primaryimage\"},\"thumbnailUrl\":\"http:\\\/\\\/adma-med.pl\\\/wp-content\\\/uploads\\\/2024\\\/04\\\/logopeda-www.jpg\",\"keywords\":[\"grybow\",\"logopeda\"],\"articleSection\":[\"Uncategorized\"],\"inLanguage\":\"pl-PL\"},{\"@type\":\"WebPage\",\"@id\":\"https:\\\/\\\/adma-med.pl\\\/index.php\\\/2024\\\/04\\\/22\\\/logopeda-w-adma-med\\\/\",\"url\":\"https:\\\/\\\/adma-med.pl\\\/index.php\\\/2024\\\/04\\\/22\\\/logopeda-w-adma-med\\\/\",\"name\":\"Logopeda w Adma-Med - Adma-Med. Przychodnia Lekarska\",\"isPartOf\":{\"@id\":\"https:\\\/\\\/adma-med.pl\\\/#website\"},\"primaryImageOfPage\":{\"@id\":\"https:\\\/\\\/adma-med.pl\\\/index.php\\\/2024\\\/04\\\/22\\\/logopeda-w-adma-med\\\/#primaryimage\"},\"image\":{\"@id\":\"https:\\\/\\\/adma-med.pl\\\/index.php\\\/2024\\\/04\\\/22\\\/logopeda-w-adma-med\\\/#primaryimage\"},\"thumbnailUrl\":\"http:\\\/\\\/adma-med.pl\\\/wp-content\\\/uploads\\\/2024\\\/04\\\/logopeda-www.jpg\",\"datePublished\":\"2024-04-22T22:50:17+00:00\",\"dateModified\":\"2024-04-22T22:50:19+00:00\",\"breadcrumb\":{\"@id\":\"https:\\\/\\\/adma-med.pl\\\/index.php\\\/2024\\\/04\\\/22\\\/logopeda-w-adma-med\\\/#breadcrumb\"},\"inLanguage\":\"pl-PL\",\"potentialAction\":[{\"@type\":\"ReadAction\",\"target\":[\"https:\\\/\\\/adma-med.pl\\\/index.php\\\/2024\\\/04\\\/22\\\/logopeda-w-adma-med\\\/\"]}]},{\"@type\":\"ImageObject\",\"inLanguage\":\"pl-PL\",\"@id\":\"https:\\\/\\\/adma-med.pl\\\/index.php\\\/2024\\\/04\\\/22\\\/logopeda-w-adma-med\\\/#primaryimage\",\"url\":\"http:\\\/\\\/adma-med.pl\\\/wp-content\\\/uploads\\\/2024\\\/04\\\/logopeda-www.jpg\",\"contentUrl\":\"http:\\\/\\\/adma-med.pl\\\/wp-content\\\/uploads\\\/2024\\\/04\\\/logopeda-www.jpg\",\"width\":2384,\"height\":1684},{\"@type\":\"BreadcrumbList\",\"@id\":\"https:\\\/\\\/adma-med.pl\\\/index.php\\\/2024\\\/04\\\/22\\\/logopeda-w-adma-med\\\/#breadcrumb\",\"itemListElement\":[{\"@type\":\"ListItem\",\"position\":1,\"name\":\"Strona g\u0142\u00f3wna\",\"item\":\"https:\\\/\\\/adma-med.pl\\\/\"},{\"@type\":\"ListItem\",\"position\":2,\"name\":\"Logopeda w Adma-Med\"}]},{\"@type\":\"WebSite\",\"@id\":\"https:\\\/\\\/adma-med.pl\\\/#website\",\"url\":\"https:\\\/\\\/adma-med.pl\\\/\",\"name\":\"Adma-Med. Przychodnia Lekarska\",\"description\":\"\",\"publisher\":{\"@id\":\"https:\\\/\\\/adma-med.pl\\\/#organization\"},\"potentialAction\":[{\"@type\":\"SearchAction\",\"target\":{\"@type\":\"EntryPoint\",\"urlTemplate\":\"https:\\\/\\\/adma-med.pl\\\/?s={search_term_string}\"},\"query-input\":{\"@type\":\"PropertyValueSpecification\",\"valueRequired\":true,\"valueName\":\"search_term_string\"}}],\"inLanguage\":\"pl-PL\"},{\"@type\":\"Organization\",\"@id\":\"https:\\\/\\\/adma-med.pl\\\/#organization\",\"name\":\"Adma-Med. Przychodnia Lekarska\",\"url\":\"https:\\\/\\\/adma-med.pl\\\/\",\"logo\":{\"@type\":\"ImageObject\",\"inLanguage\":\"pl-PL\",\"@id\":\"https:\\\/\\\/adma-med.pl\\\/#\\\/schema\\\/logo\\\/image\\\/\",\"url\":\"http:\\\/\\\/adma-med.pl\\\/wp-content\\\/uploads\\\/2021\\\/05\\\/cropped-logo_ok-01-01.png\",\"contentUrl\":\"http:\\\/\\\/adma-med.pl\\\/wp-content\\\/uploads\\\/2021\\\/05\\\/cropped-logo_ok-01-01.png\",\"width\":434,\"height\":434,\"caption\":\"Adma-Med. Przychodnia Lekarska\"},\"image\":{\"@id\":\"https:\\\/\\\/adma-med.pl\\\/#\\\/schema\\\/logo\\\/image\\\/\"},\"sameAs\":[\"https:\\\/\\\/www.facebook.com\\\/admagrybow\\\/\"]},{\"@type\":\"Person\",\"@id\":\"https:\\\/\\\/adma-med.pl\\\/#\\\/schema\\\/person\\\/fc6b840f48734c4cd235b89920a6a25a\",\"name\":\"lpolek\",\"image\":{\"@type\":\"ImageObject\",\"inLanguage\":\"pl-PL\",\"@id\":\"https:\\\/\\\/secure.gravatar.com\\\/avatar\\\/ce1bd04bee74fa66c1242d61f406f9ce3c25af979b99836d261a3dc7fde431bd?s=96&d=mm&r=g\",\"url\":\"https:\\\/\\\/secure.gravatar.com\\\/avatar\\\/ce1bd04bee74fa66c1242d61f406f9ce3c25af979b99836d261a3dc7fde431bd?s=96&d=mm&r=g\",\"contentUrl\":\"https:\\\/\\\/secure.gravatar.com\\\/avatar\\\/ce1bd04bee74fa66c1242d61f406f9ce3c25af979b99836d261a3dc7fde431bd?s=96&d=mm&r=g\",\"caption\":\"lpolek\"},\"url\":\"http:\\\/\\\/adma-med.pl\\\/index.php\\\/author\\\/lpolek\\\/\"}]}<\/script>\n<!-- \/ Yoast SEO plugin. -->","yoast_head_json":{"title":"Logopeda w Adma-Med - Adma-Med. Przychodnia Lekarska","robots":{"index":"index","follow":"follow","max-snippet":"max-snippet:-1","max-image-preview":"max-image-preview:large","max-video-preview":"max-video-preview:-1"},"canonical":"https:\/\/adma-med.pl\/index.php\/2024\/04\/22\/logopeda-w-adma-med\/","og_locale":"pl_PL","og_type":"article","og_title":"Logopeda w Adma-Med - Adma-Med. Przychodnia Lekarska","og_description":"Logopeda Mi\u0142o nam poinformowa\u0107, \u017ce od 7 maja w naszej przychodni przyjmowa\u0107 b\u0119dzie Pani mgr Joanna Bukowska. Pani Joanna od 8 lat pracuje z dzie\u0107mi w wieku od 2 do 10 lat. W pracy specjalizuje si\u0119 przede wszystkim w terapii wad wymowy oraz praca z op\u00f3\u017anionym rozwojem mowy. Je\u017celi twoje dziecko ma: \u2713 trudno\u015bci podczas&hellip;","og_url":"https:\/\/adma-med.pl\/index.php\/2024\/04\/22\/logopeda-w-adma-med\/","og_site_name":"Adma-Med. Przychodnia Lekarska","article_publisher":"https:\/\/www.facebook.com\/admagrybow\/","article_published_time":"2024-04-22T22:50:17+00:00","article_modified_time":"2024-04-22T22:50:19+00:00","og_image":[{"width":2384,"height":1684,"url":"https:\/\/adma-med.pl\/wp-content\/uploads\/2024\/04\/logopeda-www.jpg","type":"image\/jpeg"}],"author":"lpolek","twitter_card":"summary_large_image","twitter_misc":{"Napisane przez":"lpolek","Szacowany czas czytania":"1 minuta"},"schema":{"@context":"https:\/\/schema.org","@graph":[{"@type":"Article","@id":"https:\/\/adma-med.pl\/index.php\/2024\/04\/22\/logopeda-w-adma-med\/#article","isPartOf":{"@id":"https:\/\/adma-med.pl\/index.php\/2024\/04\/22\/logopeda-w-adma-med\/"},"author":{"name":"lpolek","@id":"https:\/\/adma-med.pl\/#\/schema\/person\/fc6b840f48734c4cd235b89920a6a25a"},"headline":"Logopeda w Adma-Med","datePublished":"2024-04-22T22:50:17+00:00","dateModified":"2024-04-22T22:50:19+00:00","mainEntityOfPage":{"@id":"https:\/\/adma-med.pl\/index.php\/2024\/04\/22\/logopeda-w-adma-med\/"},"wordCount":106,"publisher":{"@id":"https:\/\/adma-med.pl\/#organization"},"image":{"@id":"https:\/\/adma-med.pl\/index.php\/2024\/04\/22\/logopeda-w-adma-med\/#primaryimage"},"thumbnailUrl":"http:\/\/adma-med.pl\/wp-content\/uploads\/2024\/04\/logopeda-www.jpg","keywords":["grybow","logopeda"],"articleSection":["Uncategorized"],"inLanguage":"pl-PL"},{"@type":"WebPage","@id":"https:\/\/adma-med.pl\/index.php\/2024\/04\/22\/logopeda-w-adma-med\/","url":"https:\/\/adma-med.pl\/index.php\/2024\/04\/22\/logopeda-w-adma-med\/","name":"Logopeda w Adma-Med - Adma-Med. Przychodnia Lekarska","isPartOf":{"@id":"https:\/\/adma-med.pl\/#website"},"primaryImageOfPage":{"@id":"https:\/\/adma-med.pl\/index.php\/2024\/04\/22\/logopeda-w-adma-med\/#primaryimage"},"image":{"@id":"https:\/\/adma-med.pl\/index.php\/2024\/04\/22\/logopeda-w-adma-med\/#primaryimage"},"thumbnailUrl":"http:\/\/adma-med.pl\/wp-content\/uploads\/2024\/04\/logopeda-www.jpg","datePublished":"2024-04-22T22:50:17+00:00","dateModified":"2024-04-22T22:50:19+00:00","breadcrumb":{"@id":"https:\/\/adma-med.pl\/index.php\/2024\/04\/22\/logopeda-w-adma-med\/#breadcrumb"},"inLanguage":"pl-PL","potentialAction":[{"@type":"ReadAction","target":["https:\/\/adma-med.pl\/index.php\/2024\/04\/22\/logopeda-w-adma-med\/"]}]},{"@type":"ImageObject","inLanguage":"pl-PL","@id":"https:\/\/adma-med.pl\/index.php\/2024\/04\/22\/logopeda-w-adma-med\/#primaryimage","url":"http:\/\/adma-med.pl\/wp-content\/uploads\/2024\/04\/logopeda-www.jpg","contentUrl":"http:\/\/adma-med.pl\/wp-content\/uploads\/2024\/04\/logopeda-www.jpg","width":2384,"height":1684},{"@type":"BreadcrumbList","@id":"https:\/\/adma-med.pl\/index.php\/2024\/04\/22\/logopeda-w-adma-med\/#breadcrumb","itemListElement":[{"@type":"ListItem","position":1,"name":"Strona g\u0142\u00f3wna","item":"https:\/\/adma-med.pl\/"},{"@type":"ListItem","position":2,"name":"Logopeda w Adma-Med"}]},{"@type":"WebSite","@id":"https:\/\/adma-med.pl\/#website","url":"https:\/\/adma-med.pl\/","name":"Adma-Med. Przychodnia Lekarska","description":"","publisher":{"@id":"https:\/\/adma-med.pl\/#organization"},"potentialAction":[{"@type":"SearchAction","target":{"@type":"EntryPoint","urlTemplate":"https:\/\/adma-med.pl\/?s={search_term_string}"},"query-input":{"@type":"PropertyValueSpecification","valueRequired":true,"valueName":"search_term_string"}}],"inLanguage":"pl-PL"},{"@type":"Organization","@id":"https:\/\/adma-med.pl\/#organization","name":"Adma-Med. Przychodnia Lekarska","url":"https:\/\/adma-med.pl\/","logo":{"@type":"ImageObject","inLanguage":"pl-PL","@id":"https:\/\/adma-med.pl\/#\/schema\/logo\/image\/","url":"http:\/\/adma-med.pl\/wp-content\/uploads\/2021\/05\/cropped-logo_ok-01-01.png","contentUrl":"http:\/\/adma-med.pl\/wp-content\/uploads\/2021\/05\/cropped-logo_ok-01-01.png","width":434,"height":434,"caption":"Adma-Med. Przychodnia Lekarska"},"image":{"@id":"https:\/\/adma-med.pl\/#\/schema\/logo\/image\/"},"sameAs":["https:\/\/www.facebook.com\/admagrybow\/"]},{"@type":"Person","@id":"https:\/\/adma-med.pl\/#\/schema\/person\/fc6b840f48734c4cd235b89920a6a25a","name":"lpolek","image":{"@type":"ImageObject","inLanguage":"pl-PL","@id":"https:\/\/secure.gravatar.com\/avatar\/ce1bd04bee74fa66c1242d61f406f9ce3c25af979b99836d261a3dc7fde431bd?s=96&d=mm&r=g","url":"https:\/\/secure.gravatar.com\/avatar\/ce1bd04bee74fa66c1242d61f406f9ce3c25af979b99836d261a3dc7fde431bd?s=96&d=mm&r=g","contentUrl":"https:\/\/secure.gravatar.com\/avatar\/ce1bd04bee74fa66c1242d61f406f9ce3c25af979b99836d261a3dc7fde431bd?s=96&d=mm&r=g","caption":"lpolek"},"url":"http:\/\/adma-med.pl\/index.php\/author\/lpolek\/"}]}},"jetpack_featured_media_url":"http:\/\/adma-med.pl\/wp-content\/uploads\/2024\/04\/logopeda-www.jpg","jetpack_sharing_enabled":true,"_links":{"self":[{"href":"http:\/\/adma-med.pl\/index.php\/wp-json\/wp\/v2\/posts\/3027","targetHints":{"allow":["GET"]}}],"collection":[{"href":"http:\/\/adma-med.pl\/index.php\/wp-json\/wp\/v2\/posts"}],"about":[{"href":"http:\/\/adma-med.pl\/index.php\/wp-json\/wp\/v2\/types\/post"}],"author":[{"embeddable":true,"href":"http:\/\/adma-med.pl\/index.php\/wp-json\/wp\/v2\/users\/1"}],"replies":[{"embeddable":true,"href":"http:\/\/adma-med.pl\/index.php\/wp-json\/wp\/v2\/comments?post=3027"}],"version-history":[{"count":1,"href":"http:\/\/adma-med.pl\/index.php\/wp-json\/wp\/v2\/posts\/3027\/revisions"}],"predecessor-version":[{"id":3029,"href":"http:\/\/adma-med.pl\/index.php\/wp-json\/wp\/v2\/posts\/3027\/revisions\/3029"}],"wp:featuredmedia":[{"embeddable":true,"href":"http:\/\/adma-med.pl\/index.php\/wp-json\/wp\/v2\/media\/3028"}],"wp:attachment":[{"href":"http:\/\/adma-med.pl\/index.php\/wp-json\/wp\/v2\/media?parent=3027"}],"wp:term":[{"taxonomy":"category","embeddable":true,"href":"http:\/\/adma-med.pl\/index.php\/wp-json\/wp\/v2\/categories?post=3027"},{"taxonomy":"post_tag","embeddable":true,"href":"http:\/\/adma-med.pl\/index.php\/wp-json\/wp\/v2\/tags?post=3027"}],"curies":[{"name":"wp","href":"https:\/\/api.w.org\/{rel}","templated":true}]}}